{"id":11262,"date":"2026-01-28T15:11:59","date_gmt":"2026-01-28T13:11:59","guid":{"rendered":"https:\/\/www.previs.ch\/?p=11262"},"modified":"2026-01-28T16:20:46","modified_gmt":"2026-01-28T14:20:46","slug":"fachseminare-betriebliches-gesundheitsmanagement-kursprogramm-2026","status":"publish","type":"post","link":"https:\/\/www.previs.ch\/fachseminare-betriebliches-gesundheitsmanagement-kursprogramm-2026\/","title":{"rendered":"Fachseminare Betriebliches Gesundheitsmanagement: Kursprogramm 2026"},"content":{"rendered":"","protected":false},"excerpt":{"rendered":"","protected":false},"author":3,"featured_media":4156,"comment_status":"closed","ping_status":"closed","sticky":false,"template":"","format":"standard","meta":{"_acf_changed":false,"footnotes":""},"categories":[4],"tags":[147],"class_list":["post-11262","post","type-post","status-publish","format-standard","has-post-thumbnail","hentry","category-vorsorge","tag-seminare"],"yoast_head":"<!-- This site is optimized with the Yoast SEO plugin v27.3 - https:\/\/yoast.com\/product\/yoast-seo-wordpress\/ -->\n<title>Fachseminare Betriebliches Gesundheitsmanagement: Kursprogramm 2026 | Previs Vorsorge<\/title>\n<meta name=\"description\" content=\"Anl\u00e4sse und Seminare: Wissen rund um die berufliche Vorsorge vertiefen.\" \/>\n<meta name=\"robots\" content=\"index, follow, max-snippet:-1, max-image-preview:large, max-video-preview:-1\" \/>\n<link rel=\"canonical\" href=\"https:\/\/www.previs.ch\/fachseminare-betriebliches-gesundheitsmanagement-kursprogramm-2026\/\" \/>\n<meta property=\"og:locale\" content=\"de_DE\" \/>\n<meta property=\"og:type\" content=\"article\" \/>\n<meta property=\"og:title\" content=\"Fachseminare Betriebliches Gesundheitsmanagement: Kursprogramm 2026 | Previs Vorsorge\" \/>\n<meta property=\"og:description\" content=\"Anl\u00e4sse und Seminare: Wissen rund um die berufliche Vorsorge vertiefen.\" \/>\n<meta property=\"og:url\" content=\"https:\/\/www.previs.ch\/fachseminare-betriebliches-gesundheitsmanagement-kursprogramm-2026\/\" \/>\n<meta property=\"og:site_name\" content=\"Previs Vorsorge\" \/>\n<meta property=\"article:published_time\" content=\"2026-01-28T13:11:59+00:00\" \/>\n<meta property=\"article:modified_time\" content=\"2026-01-28T14:20:46+00:00\" \/>\n<meta property=\"og:image\" content=\"https:\/\/www.previs.ch\/wp-content\/uploads\/2024\/09\/Header_Seminare_iStock-1398091504_kasto80-scaled.jpg\" \/>\n\t<meta property=\"og:image:width\" content=\"2560\" \/>\n\t<meta property=\"og:image:height\" content=\"1707\" \/>\n\t<meta property=\"og:image:type\" content=\"image\/jpeg\" \/>\n<meta name=\"author\" content=\"nadjapfaffhauser\" \/>\n<meta name=\"twitter:card\" content=\"summary_large_image\" \/>\n<meta name=\"twitter:label1\" content=\"Geschrieben von\" \/>\n\t<meta name=\"twitter:data1\" content=\"nadjapfaffhauser\" \/>\n\t<meta name=\"twitter:label2\" content=\"Gesch\u00e4tzte Lesezeit\" \/>\n\t<meta name=\"twitter:data2\" content=\"1\u00a0Minute\" \/>\n<script type=\"application\/ld+json\" class=\"yoast-schema-graph\">{\"@context\":\"https:\\\/\\\/schema.org\",\"@graph\":[{\"@type\":\"Article\",\"@id\":\"https:\\\/\\\/www.previs.ch\\\/fachseminare-betriebliches-gesundheitsmanagement-kursprogramm-2026\\\/#article\",\"isPartOf\":{\"@id\":\"https:\\\/\\\/www.previs.ch\\\/fachseminare-betriebliches-gesundheitsmanagement-kursprogramm-2026\\\/\"},\"author\":{\"name\":\"nadjapfaffhauser\",\"@id\":\"https:\\\/\\\/www.previs.ch\\\/#\\\/schema\\\/person\\\/63fa812285f9e73f01a59d58fcac965f\"},\"headline\":\"Fachseminare Betriebliches Gesundheitsmanagement: Kursprogramm 2026\",\"datePublished\":\"2026-01-28T13:11:59+00:00\",\"dateModified\":\"2026-01-28T14:20:46+00:00\",\"mainEntityOfPage\":{\"@id\":\"https:\\\/\\\/www.previs.ch\\\/fachseminare-betriebliches-gesundheitsmanagement-kursprogramm-2026\\\/\"},\"wordCount\":4,\"publisher\":{\"@id\":\"https:\\\/\\\/www.previs.ch\\\/#organization\"},\"image\":{\"@id\":\"https:\\\/\\\/www.previs.ch\\\/fachseminare-betriebliches-gesundheitsmanagement-kursprogramm-2026\\\/#primaryimage\"},\"thumbnailUrl\":\"https:\\\/\\\/www.previs.ch\\\/wp-content\\\/uploads\\\/2024\\\/09\\\/Header_Seminare_iStock-1398091504_kasto80-scaled.jpg\",\"keywords\":[\"Seminare\"],\"articleSection\":[\"Vorsorge\"],\"inLanguage\":\"de-CH\"},{\"@type\":\"WebPage\",\"@id\":\"https:\\\/\\\/www.previs.ch\\\/fachseminare-betriebliches-gesundheitsmanagement-kursprogramm-2026\\\/\",\"url\":\"https:\\\/\\\/www.previs.ch\\\/fachseminare-betriebliches-gesundheitsmanagement-kursprogramm-2026\\\/\",\"name\":\"Fachseminare Betriebliches Gesundheitsmanagement: Kursprogramm 2026 | Previs Vorsorge\",\"isPartOf\":{\"@id\":\"https:\\\/\\\/www.previs.ch\\\/#website\"},\"primaryImageOfPage\":{\"@id\":\"https:\\\/\\\/www.previs.ch\\\/fachseminare-betriebliches-gesundheitsmanagement-kursprogramm-2026\\\/#primaryimage\"},\"image\":{\"@id\":\"https:\\\/\\\/www.previs.ch\\\/fachseminare-betriebliches-gesundheitsmanagement-kursprogramm-2026\\\/#primaryimage\"},\"thumbnailUrl\":\"https:\\\/\\\/www.previs.ch\\\/wp-content\\\/uploads\\\/2024\\\/09\\\/Header_Seminare_iStock-1398091504_kasto80-scaled.jpg\",\"datePublished\":\"2026-01-28T13:11:59+00:00\",\"dateModified\":\"2026-01-28T14:20:46+00:00\",\"description\":\"Anl\u00e4sse und Seminare: Wissen rund um die berufliche Vorsorge vertiefen.\",\"breadcrumb\":{\"@id\":\"https:\\\/\\\/www.previs.ch\\\/fachseminare-betriebliches-gesundheitsmanagement-kursprogramm-2026\\\/#breadcrumb\"},\"inLanguage\":\"de-CH\",\"potentialAction\":[{\"@type\":\"ReadAction\",\"target\":[\"https:\\\/\\\/www.previs.ch\\\/fachseminare-betriebliches-gesundheitsmanagement-kursprogramm-2026\\\/\"]}]},{\"@type\":\"ImageObject\",\"inLanguage\":\"de-CH\",\"@id\":\"https:\\\/\\\/www.previs.ch\\\/fachseminare-betriebliches-gesundheitsmanagement-kursprogramm-2026\\\/#primaryimage\",\"url\":\"https:\\\/\\\/www.previs.ch\\\/wp-content\\\/uploads\\\/2024\\\/09\\\/Header_Seminare_iStock-1398091504_kasto80-scaled.jpg\",\"contentUrl\":\"https:\\\/\\\/www.previs.ch\\\/wp-content\\\/uploads\\\/2024\\\/09\\\/Header_Seminare_iStock-1398091504_kasto80-scaled.jpg\",\"width\":2560,\"height\":1707,\"caption\":\"Male speaker giving presentation in lecture hall at university workshop. Audience in conference hall. Rear view of unrecognized participant in audience. Scientific conference event. SSUCv3H4sIAAAAAAAACoxXyY7jNhC9B8g\\\/GDq3AZLacw1yHGCAIKdBDhRF24QpUuDi6Uaj\\\/z0l2bK5KEhuVrH2enwsf\\\/76y+FQDNQKVvx2+Fy+4FtI6a0z1AmtQIzeHnLD1chNKLmZskGhgI\\\/CaSOoDIUDdeyi6MRBqLyUi\\\/hrPSyso85bboPoNULzO3yXmznzjlHr1shPIZXyRs8aRHgTnbTTUtBQaxbvjoY6jKrbIiBtkASjjp8h6yiNrSk\\\/7t+H7eDhxsFR8cfo2b1Lb8Gh9cNy+Ce7aC3fDr9rKfmZvx3+UuLGjRXu48AdKzaLexL\\\/EuE717Pke+6\\\/Ccu4lFRx7e3L2f3H3882nbliH6+yFvuLd9BM6zS7hvXBUfX0szkA4Wg4nawT6\\\/hCbdyhKLHoYzl8Orv\\\/+Apabrjk9D73H\\\/dYxfUnZDWFI5CcOW+isEVP6pa8IhUNIXVdJFUP3grF7er9pYmqHqeaTKsTB1yzOArBBLUYB3HajpAutbYzp9cVly9TjPoeRRm2NSkzSz4JRc1OaYkiv3HlkjpQk9XxU5urveg50WxIpumojMZeNF3XZlr8iey0hVXUFNyi1HTi3Al1jg3rrivDnkBmmaH9mGZthZ92R5EPbulMmuH\\\/HBxYn00KkApVqCkzMM3UOMHETJWL9XFZkiqb7NloH4+hb6o+KxboVai0TdDPJst1NvoEqUKlK6sGTcV1WeWVUXbJ\\\/LYEZ5oDEN4p1dzHoHKGz3BLuI8R2xEEjnMEUAW8Y9JkcdYryujIp49EsarbVPFEmZcuVWzKJsTUnqFQwFzOu4REWlL3qap\\\/0nMchqCujcIsYbMZcQtdym9MV1ZtltTsBxm\\\/LQtG2nzyd\\\/JPLj\\\/KJmmdH9PedCjqDdzczD31o8iYrwFU4\\\/05JSmnZJDF3GvUCK+WX8Gc+CpJv1dWSn4YlajNNfmeS9w0e3AwnsGKkkEpomz4zoJQeDVzwmkQqTJVCfmkeusE4ncrS08KWHMSO9xU2cD5+yyBPlJFlLMMBzZI86gztcdDe7jAVpWAf+d1Zdoby\\\/+buOB15Gn0vbfG6GUoMeu3HSIZD9lZXzl4NVlzW7j6AL6HfrBnLBjXwUpx04zKhcbLQGk2wO8rEX4+JNpdVv76fJUMHLjcsQL3T6QUUuuZDusVPYFbvskvFObv1bjJg1iAfqenwPWs1VhHCxqDhcvxxbggCNdHRI5k45Bwh1LarQvUY\\\/EqRrAqlgxLAm1eLkpZwcrTAizCZfsCINNrLVsKfpYaLvgS8ZXFc3UG\\\/BHSVyV+ZPCchh8mAXciNtu2982s2cyCxNfVU4x7Sz9c8KrsmgYe7bXih4VYuzGOtGUnNh77pq6PVX3iRwr\\\/P46I4nrAQ4VPeAHr1z8AAAD\\\/\\\/wMALUxS+9YMAAA=\"},{\"@type\":\"BreadcrumbList\",\"@id\":\"https:\\\/\\\/www.previs.ch\\\/fachseminare-betriebliches-gesundheitsmanagement-kursprogramm-2026\\\/#breadcrumb\",\"itemListElement\":[{\"@type\":\"ListItem\",\"position\":1,\"name\":\"Home\",\"item\":\"https:\\\/\\\/www.previs.ch\\\/\"},{\"@type\":\"ListItem\",\"position\":2,\"name\":\"Fachseminare Betriebliches Gesundheitsmanagement: Kursprogramm 2026\"}]},{\"@type\":\"WebSite\",\"@id\":\"https:\\\/\\\/www.previs.ch\\\/#website\",\"url\":\"https:\\\/\\\/www.previs.ch\\\/\",\"name\":\"Previs Vorsorge\",\"description\":\"Wo Transparenz Vertrauen schafft\",\"publisher\":{\"@id\":\"https:\\\/\\\/www.previs.ch\\\/#organization\"},\"alternateName\":\"Previs\",\"potentialAction\":[{\"@type\":\"SearchAction\",\"target\":{\"@type\":\"EntryPoint\",\"urlTemplate\":\"https:\\\/\\\/www.previs.ch\\\/?s={search_term_string}\"},\"query-input\":{\"@type\":\"PropertyValueSpecification\",\"valueRequired\":true,\"valueName\":\"search_term_string\"}}],\"inLanguage\":\"de-CH\"},{\"@type\":\"Organization\",\"@id\":\"https:\\\/\\\/www.previs.ch\\\/#organization\",\"name\":\"Previs Vorsorge\",\"alternateName\":\"Previs\",\"url\":\"https:\\\/\\\/www.previs.ch\\\/\",\"logo\":{\"@type\":\"ImageObject\",\"inLanguage\":\"de-CH\",\"@id\":\"https:\\\/\\\/www.previs.ch\\\/#\\\/schema\\\/logo\\\/image\\\/\",\"url\":\"https:\\\/\\\/www.previs.ch\\\/wp-content\\\/uploads\\\/2024\\\/07\\\/cropped-previs-vorsorge-favicon.png\",\"contentUrl\":\"https:\\\/\\\/www.previs.ch\\\/wp-content\\\/uploads\\\/2024\\\/07\\\/cropped-previs-vorsorge-favicon.png\",\"width\":512,\"height\":512,\"caption\":\"Previs Vorsorge\"},\"image\":{\"@id\":\"https:\\\/\\\/www.previs.ch\\\/#\\\/schema\\\/logo\\\/image\\\/\"},\"sameAs\":[\"https:\\\/\\\/www.linkedin.com\\\/company\\\/previsvorsorge\\\/\"]},{\"@type\":\"Person\",\"@id\":\"https:\\\/\\\/www.previs.ch\\\/#\\\/schema\\\/person\\\/63fa812285f9e73f01a59d58fcac965f\",\"name\":\"nadjapfaffhauser\",\"image\":{\"@type\":\"ImageObject\",\"inLanguage\":\"de-CH\",\"@id\":\"https:\\\/\\\/secure.gravatar.com\\\/avatar\\\/0036c927da3f02f035273f0c67b7e1a69eb1458e9a57ab10944b83a0d8201e37?s=96&d=mm&r=g\",\"url\":\"https:\\\/\\\/secure.gravatar.com\\\/avatar\\\/0036c927da3f02f035273f0c67b7e1a69eb1458e9a57ab10944b83a0d8201e37?s=96&d=mm&r=g\",\"contentUrl\":\"https:\\\/\\\/secure.gravatar.com\\\/avatar\\\/0036c927da3f02f035273f0c67b7e1a69eb1458e9a57ab10944b83a0d8201e37?s=96&d=mm&r=g\",\"caption\":\"nadjapfaffhauser\"},\"url\":\"https:\\\/\\\/www.previs.ch\\\/author\\\/nadjapfaffhauser\\\/\"}]}<\/script>\n<!-- \/ Yoast SEO plugin. -->","yoast_head_json":{"title":"Fachseminare Betriebliches Gesundheitsmanagement: Kursprogramm 2026 | Previs Vorsorge","description":"Anl\u00e4sse und Seminare: Wissen rund um die berufliche Vorsorge vertiefen.","robots":{"index":"index","follow":"follow","max-snippet":"max-snippet:-1","max-image-preview":"max-image-preview:large","max-video-preview":"max-video-preview:-1"},"canonical":"https:\/\/www.previs.ch\/fachseminare-betriebliches-gesundheitsmanagement-kursprogramm-2026\/","og_locale":"de_DE","og_type":"article","og_title":"Fachseminare Betriebliches Gesundheitsmanagement: Kursprogramm 2026 | Previs Vorsorge","og_description":"Anl\u00e4sse und Seminare: Wissen rund um die berufliche Vorsorge vertiefen.","og_url":"https:\/\/www.previs.ch\/fachseminare-betriebliches-gesundheitsmanagement-kursprogramm-2026\/","og_site_name":"Previs Vorsorge","article_published_time":"2026-01-28T13:11:59+00:00","article_modified_time":"2026-01-28T14:20:46+00:00","og_image":[{"width":2560,"height":1707,"url":"https:\/\/www.previs.ch\/wp-content\/uploads\/2024\/09\/Header_Seminare_iStock-1398091504_kasto80-scaled.jpg","type":"image\/jpeg"}],"author":"nadjapfaffhauser","twitter_card":"summary_large_image","twitter_misc":{"Geschrieben von":"nadjapfaffhauser","Gesch\u00e4tzte Lesezeit":"1\u00a0Minute"},"schema":{"@context":"https:\/\/schema.org","@graph":[{"@type":"Article","@id":"https:\/\/www.previs.ch\/fachseminare-betriebliches-gesundheitsmanagement-kursprogramm-2026\/#article","isPartOf":{"@id":"https:\/\/www.previs.ch\/fachseminare-betriebliches-gesundheitsmanagement-kursprogramm-2026\/"},"author":{"name":"nadjapfaffhauser","@id":"https:\/\/www.previs.ch\/#\/schema\/person\/63fa812285f9e73f01a59d58fcac965f"},"headline":"Fachseminare Betriebliches Gesundheitsmanagement: Kursprogramm 2026","datePublished":"2026-01-28T13:11:59+00:00","dateModified":"2026-01-28T14:20:46+00:00","mainEntityOfPage":{"@id":"https:\/\/www.previs.ch\/fachseminare-betriebliches-gesundheitsmanagement-kursprogramm-2026\/"},"wordCount":4,"publisher":{"@id":"https:\/\/www.previs.ch\/#organization"},"image":{"@id":"https:\/\/www.previs.ch\/fachseminare-betriebliches-gesundheitsmanagement-kursprogramm-2026\/#primaryimage"},"thumbnailUrl":"https:\/\/www.previs.ch\/wp-content\/uploads\/2024\/09\/Header_Seminare_iStock-1398091504_kasto80-scaled.jpg","keywords":["Seminare"],"articleSection":["Vorsorge"],"inLanguage":"de-CH"},{"@type":"WebPage","@id":"https:\/\/www.previs.ch\/fachseminare-betriebliches-gesundheitsmanagement-kursprogramm-2026\/","url":"https:\/\/www.previs.ch\/fachseminare-betriebliches-gesundheitsmanagement-kursprogramm-2026\/","name":"Fachseminare Betriebliches Gesundheitsmanagement: Kursprogramm 2026 | Previs Vorsorge","isPartOf":{"@id":"https:\/\/www.previs.ch\/#website"},"primaryImageOfPage":{"@id":"https:\/\/www.previs.ch\/fachseminare-betriebliches-gesundheitsmanagement-kursprogramm-2026\/#primaryimage"},"image":{"@id":"https:\/\/www.previs.ch\/fachseminare-betriebliches-gesundheitsmanagement-kursprogramm-2026\/#primaryimage"},"thumbnailUrl":"https:\/\/www.previs.ch\/wp-content\/uploads\/2024\/09\/Header_Seminare_iStock-1398091504_kasto80-scaled.jpg","datePublished":"2026-01-28T13:11:59+00:00","dateModified":"2026-01-28T14:20:46+00:00","description":"Anl\u00e4sse und Seminare: Wissen rund um die berufliche Vorsorge vertiefen.","breadcrumb":{"@id":"https:\/\/www.previs.ch\/fachseminare-betriebliches-gesundheitsmanagement-kursprogramm-2026\/#breadcrumb"},"inLanguage":"de-CH","potentialAction":[{"@type":"ReadAction","target":["https:\/\/www.previs.ch\/fachseminare-betriebliches-gesundheitsmanagement-kursprogramm-2026\/"]}]},{"@type":"ImageObject","inLanguage":"de-CH","@id":"https:\/\/www.previs.ch\/fachseminare-betriebliches-gesundheitsmanagement-kursprogramm-2026\/#primaryimage","url":"https:\/\/www.previs.ch\/wp-content\/uploads\/2024\/09\/Header_Seminare_iStock-1398091504_kasto80-scaled.jpg","contentUrl":"https:\/\/www.previs.ch\/wp-content\/uploads\/2024\/09\/Header_Seminare_iStock-1398091504_kasto80-scaled.jpg","width":2560,"height":1707,"caption":"Male speaker giving presentation in lecture hall at university workshop. Audience in conference hall. Rear view of unrecognized participant in audience. Scientific conference event. SSUCv3H4sIAAAAAAAACoxXyY7jNhC9B8g\/GDq3AZLacw1yHGCAIKdBDhRF24QpUuDi6Uaj\/z0l2bK5KEhuVrH2enwsf\/76y+FQDNQKVvx2+Fy+4FtI6a0z1AmtQIzeHnLD1chNKLmZskGhgI\/CaSOoDIUDdeyi6MRBqLyUi\/hrPSyso85bboPoNULzO3yXmznzjlHr1shPIZXyRs8aRHgTnbTTUtBQaxbvjoY6jKrbIiBtkASjjp8h6yiNrSk\/7t+H7eDhxsFR8cfo2b1Lb8Gh9cNy+Ce7aC3fDr9rKfmZvx3+UuLGjRXu48AdKzaLexL\/EuE717Pke+6\/Ccu4lFRx7e3L2f3H3882nbliH6+yFvuLd9BM6zS7hvXBUfX0szkA4Wg4nawT6\/hCbdyhKLHoYzl8Orv\/+Apabrjk9D73H\/dYxfUnZDWFI5CcOW+isEVP6pa8IhUNIXVdJFUP3grF7er9pYmqHqeaTKsTB1yzOArBBLUYB3HajpAutbYzp9cVly9TjPoeRRm2NSkzSz4JRc1OaYkiv3HlkjpQk9XxU5urveg50WxIpumojMZeNF3XZlr8iey0hVXUFNyi1HTi3Al1jg3rrivDnkBmmaH9mGZthZ92R5EPbulMmuH\/HBxYn00KkApVqCkzMM3UOMHETJWL9XFZkiqb7NloH4+hb6o+KxboVai0TdDPJst1NvoEqUKlK6sGTcV1WeWVUXbJ\/LYEZ5oDEN4p1dzHoHKGz3BLuI8R2xEEjnMEUAW8Y9JkcdYryujIp49EsarbVPFEmZcuVWzKJsTUnqFQwFzOu4REWlL3qap\/0nMchqCujcIsYbMZcQtdym9MV1ZtltTsBxm\/LQtG2nzyd\/JPLj\/KJmmdH9PedCjqDdzczD31o8iYrwFU4\/05JSmnZJDF3GvUCK+WX8Gc+CpJv1dWSn4YlajNNfmeS9w0e3AwnsGKkkEpomz4zoJQeDVzwmkQqTJVCfmkeusE4ncrS08KWHMSO9xU2cD5+yyBPlJFlLMMBzZI86gztcdDe7jAVpWAf+d1Zdoby\/+buOB15Gn0vbfG6GUoMeu3HSIZD9lZXzl4NVlzW7j6AL6HfrBnLBjXwUpx04zKhcbLQGk2wO8rEX4+JNpdVv76fJUMHLjcsQL3T6QUUuuZDusVPYFbvskvFObv1bjJg1iAfqenwPWs1VhHCxqDhcvxxbggCNdHRI5k45Bwh1LarQvUY\/EqRrAqlgxLAm1eLkpZwcrTAizCZfsCINNrLVsKfpYaLvgS8ZXFc3UG\/BHSVyV+ZPCchh8mAXciNtu2982s2cyCxNfVU4x7Sz9c8KrsmgYe7bXih4VYuzGOtGUnNh77pq6PVX3iRwr\/P46I4nrAQ4VPeAHr1z8AAAD\/\/wMALUxS+9YMAAA="},{"@type":"BreadcrumbList","@id":"https:\/\/www.previs.ch\/fachseminare-betriebliches-gesundheitsmanagement-kursprogramm-2026\/#breadcrumb","itemListElement":[{"@type":"ListItem","position":1,"name":"Home","item":"https:\/\/www.previs.ch\/"},{"@type":"ListItem","position":2,"name":"Fachseminare Betriebliches Gesundheitsmanagement: Kursprogramm 2026"}]},{"@type":"WebSite","@id":"https:\/\/www.previs.ch\/#website","url":"https:\/\/www.previs.ch\/","name":"Previs Vorsorge","description":"Wo Transparenz Vertrauen schafft","publisher":{"@id":"https:\/\/www.previs.ch\/#organization"},"alternateName":"Previs","potentialAction":[{"@type":"SearchAction","target":{"@type":"EntryPoint","urlTemplate":"https:\/\/www.previs.ch\/?s={search_term_string}"},"query-input":{"@type":"PropertyValueSpecification","valueRequired":true,"valueName":"search_term_string"}}],"inLanguage":"de-CH"},{"@type":"Organization","@id":"https:\/\/www.previs.ch\/#organization","name":"Previs Vorsorge","alternateName":"Previs","url":"https:\/\/www.previs.ch\/","logo":{"@type":"ImageObject","inLanguage":"de-CH","@id":"https:\/\/www.previs.ch\/#\/schema\/logo\/image\/","url":"https:\/\/www.previs.ch\/wp-content\/uploads\/2024\/07\/cropped-previs-vorsorge-favicon.png","contentUrl":"https:\/\/www.previs.ch\/wp-content\/uploads\/2024\/07\/cropped-previs-vorsorge-favicon.png","width":512,"height":512,"caption":"Previs Vorsorge"},"image":{"@id":"https:\/\/www.previs.ch\/#\/schema\/logo\/image\/"},"sameAs":["https:\/\/www.linkedin.com\/company\/previsvorsorge\/"]},{"@type":"Person","@id":"https:\/\/www.previs.ch\/#\/schema\/person\/63fa812285f9e73f01a59d58fcac965f","name":"nadjapfaffhauser","image":{"@type":"ImageObject","inLanguage":"de-CH","@id":"https:\/\/secure.gravatar.com\/avatar\/0036c927da3f02f035273f0c67b7e1a69eb1458e9a57ab10944b83a0d8201e37?s=96&d=mm&r=g","url":"https:\/\/secure.gravatar.com\/avatar\/0036c927da3f02f035273f0c67b7e1a69eb1458e9a57ab10944b83a0d8201e37?s=96&d=mm&r=g","contentUrl":"https:\/\/secure.gravatar.com\/avatar\/0036c927da3f02f035273f0c67b7e1a69eb1458e9a57ab10944b83a0d8201e37?s=96&d=mm&r=g","caption":"nadjapfaffhauser"},"url":"https:\/\/www.previs.ch\/author\/nadjapfaffhauser\/"}]}},"acf":{"simple_options":{"show_featured_image":true,"bgcolor":"","color_title":"","description":""},"elements":[{"acf_fc_layout":"element-text","status":false,"group":null,"text_size":"normal","text":"Die Verminderung arbeitsbedingter Belastungen und die St\u00e4rkung der Ressourcen stehen im Zentrum von pr\u00e4ventiven Massnahmen. Die Seminare vermitteln F\u00fchrungskr\u00e4ften und Personalverantwortlichen Wissen zu Pr\u00e4vention und Gesundheitsf\u00f6rderung, sowie Tools, um Risiken zu erkennen und Massnahmen gezielt umzusetzen. Ziel ist ein gesundes und leistungsf\u00e4higes Arbeitsumfeld. Die Seminare werden von der Hochschule Luzern\u00a0 \u0336\u00a0 Soziale Arbeit in Zusammenarbeit mit der PK R\u00fcck durchgef\u00fchrt und richten sich an HR-Verantwortliche und F\u00fchrungskr\u00e4fte.\r\n\r\n<strong>F\u00fcr die Kundinnen und Kunden der Previs sowie Partner-Broker sind die Seminare kostenlos.\u00a0<\/strong>"},{"acf_fc_layout":"element-buttons","status":false,"buttons":[{"text":"Mehr erfahren","type":"internal","style":"btn-primary","link":535,"anchor":"#fachseminare","url":""}]}]},"publishpress_future_action":{"enabled":false,"date":"2026-05-07 10:32:51","action":"change-status","newStatus":"draft","terms":[],"taxonomy":"category","extraData":[]},"publishpress_future_workflow_manual_trigger":{"enabledWorkflows":[]},"_links":{"self":[{"href":"https:\/\/www.previs.ch\/api\/wp\/v2\/posts\/11262","targetHints":{"allow":["GET"]}}],"collection":[{"href":"https:\/\/www.previs.ch\/api\/wp\/v2\/posts"}],"about":[{"href":"https:\/\/www.previs.ch\/api\/wp\/v2\/types\/post"}],"author":[{"embeddable":true,"href":"https:\/\/www.previs.ch\/api\/wp\/v2\/users\/3"}],"replies":[{"embeddable":true,"href":"https:\/\/www.previs.ch\/api\/wp\/v2\/comments?post=11262"}],"version-history":[{"count":6,"href":"https:\/\/www.previs.ch\/api\/wp\/v2\/posts\/11262\/revisions"}],"predecessor-version":[{"id":15037,"href":"https:\/\/www.previs.ch\/api\/wp\/v2\/posts\/11262\/revisions\/15037"}],"wp:featuredmedia":[{"embeddable":true,"href":"https:\/\/www.previs.ch\/api\/wp\/v2\/media\/4156"}],"wp:attachment":[{"href":"https:\/\/www.previs.ch\/api\/wp\/v2\/media?parent=11262"}],"wp:term":[{"taxonomy":"category","embeddable":true,"href":"https:\/\/www.previs.ch\/api\/wp\/v2\/categories?post=11262"},{"taxonomy":"post_tag","embeddable":true,"href":"https:\/\/www.previs.ch\/api\/wp\/v2\/tags?post=11262"}],"curies":[{"name":"wp","href":"https:\/\/api.w.org\/{rel}","templated":true}]}}