{"id":13039,"date":"2025-06-30T11:30:06","date_gmt":"2025-06-30T09:30:06","guid":{"rendered":"https:\/\/www.previs.ch\/?p=13039"},"modified":"2025-06-30T11:33:08","modified_gmt":"2025-06-30T09:33:08","slug":"grosse-veraenderungen-im-stiftungsrat","status":"publish","type":"post","link":"https:\/\/www.previs.ch\/grosse-veraenderungen-im-stiftungsrat\/","title":{"rendered":"Grosse Ver\u00e4nderungen im Stiftungsrat"},"content":{"rendered":"","protected":false},"excerpt":{"rendered":"","protected":false},"author":3,"featured_media":3923,"comment_status":"closed","ping_status":"closed","sticky":false,"template":"","format":"standard","meta":{"_acf_changed":false,"footnotes":""},"categories":[2],"tags":[141,140,123,142],"class_list":["post-13039","post","type-post","status-publish","format-standard","has-post-thumbnail","hentry","category-ueber-uns","tag-previs","tag-stiftungsrat","tag-vorsorge","tag-wahlen"],"yoast_head":"<!-- This site is optimized with the Yoast SEO plugin v27.3 - https:\/\/yoast.com\/product\/yoast-seo-wordpress\/ -->\n<title>Grosse Ver\u00e4nderungen im Stiftungsrat | Previs Vorsorge<\/title>\n<meta name=\"description\" content=\"Ihren pers\u00f6nlichen Planungen folgend und zum Teil auch wegen Vorgaben der Aufsicht scheiden per 30. Juni 2025 f\u00fcnf Mitglieder des Stiftungsrats aus ihren \u00c4mtern aus.\" \/>\n<meta name=\"robots\" content=\"index, follow, max-snippet:-1, max-image-preview:large, max-video-preview:-1\" \/>\n<link rel=\"canonical\" href=\"https:\/\/www.previs.ch\/grosse-veraenderungen-im-stiftungsrat\/\" \/>\n<meta property=\"og:locale\" content=\"de_DE\" \/>\n<meta property=\"og:type\" content=\"article\" \/>\n<meta property=\"og:title\" content=\"Grosse Ver\u00e4nderungen im Stiftungsrat | Previs Vorsorge\" \/>\n<meta property=\"og:description\" content=\"Ihren pers\u00f6nlichen Planungen folgend und zum Teil auch wegen Vorgaben der Aufsicht scheiden per 30. Juni 2025 f\u00fcnf Mitglieder des Stiftungsrats aus ihren \u00c4mtern aus.\" \/>\n<meta property=\"og:url\" content=\"https:\/\/www.previs.ch\/grosse-veraenderungen-im-stiftungsrat\/\" \/>\n<meta property=\"og:site_name\" content=\"Previs Vorsorge\" \/>\n<meta property=\"article:published_time\" content=\"2025-06-30T09:30:06+00:00\" \/>\n<meta property=\"article:modified_time\" content=\"2025-06-30T09:33:08+00:00\" \/>\n<meta property=\"og:image\" content=\"https:\/\/www.previs.ch\/wp-content\/uploads\/2024\/09\/placeholder-herz.png\" \/>\n\t<meta property=\"og:image:width\" content=\"784\" \/>\n\t<meta property=\"og:image:height\" content=\"522\" \/>\n\t<meta property=\"og:image:type\" content=\"image\/png\" \/>\n<meta name=\"author\" content=\"nadjapfaffhauser\" \/>\n<meta name=\"twitter:card\" content=\"summary_large_image\" \/>\n<meta name=\"twitter:label1\" content=\"Geschrieben von\" \/>\n\t<meta name=\"twitter:data1\" content=\"nadjapfaffhauser\" \/>\n\t<meta name=\"twitter:label2\" content=\"Gesch\u00e4tzte Lesezeit\" \/>\n\t<meta name=\"twitter:data2\" content=\"2\u00a0Minuten\" \/>\n<script type=\"application\/ld+json\" class=\"yoast-schema-graph\">{\"@context\":\"https:\\\/\\\/schema.org\",\"@graph\":[{\"@type\":\"Article\",\"@id\":\"https:\\\/\\\/www.previs.ch\\\/grosse-veraenderungen-im-stiftungsrat\\\/#article\",\"isPartOf\":{\"@id\":\"https:\\\/\\\/www.previs.ch\\\/grosse-veraenderungen-im-stiftungsrat\\\/\"},\"author\":{\"name\":\"nadjapfaffhauser\",\"@id\":\"https:\\\/\\\/www.previs.ch\\\/#\\\/schema\\\/person\\\/63fa812285f9e73f01a59d58fcac965f\"},\"headline\":\"Grosse Ver\u00e4nderungen im Stiftungsrat\",\"datePublished\":\"2025-06-30T09:30:06+00:00\",\"dateModified\":\"2025-06-30T09:33:08+00:00\",\"mainEntityOfPage\":{\"@id\":\"https:\\\/\\\/www.previs.ch\\\/grosse-veraenderungen-im-stiftungsrat\\\/\"},\"wordCount\":5,\"publisher\":{\"@id\":\"https:\\\/\\\/www.previs.ch\\\/#organization\"},\"image\":{\"@id\":\"https:\\\/\\\/www.previs.ch\\\/grosse-veraenderungen-im-stiftungsrat\\\/#primaryimage\"},\"thumbnailUrl\":\"https:\\\/\\\/www.previs.ch\\\/wp-content\\\/uploads\\\/2024\\\/09\\\/placeholder-herz.png\",\"keywords\":[\"Previs\",\"Stiftungsrat\",\"Vorsorge\",\"Wahlen\"],\"articleSection\":[\"\u00dcber uns\"],\"inLanguage\":\"de-CH\"},{\"@type\":\"WebPage\",\"@id\":\"https:\\\/\\\/www.previs.ch\\\/grosse-veraenderungen-im-stiftungsrat\\\/\",\"url\":\"https:\\\/\\\/www.previs.ch\\\/grosse-veraenderungen-im-stiftungsrat\\\/\",\"name\":\"Grosse Ver\u00e4nderungen im Stiftungsrat | Previs Vorsorge\",\"isPartOf\":{\"@id\":\"https:\\\/\\\/www.previs.ch\\\/#website\"},\"primaryImageOfPage\":{\"@id\":\"https:\\\/\\\/www.previs.ch\\\/grosse-veraenderungen-im-stiftungsrat\\\/#primaryimage\"},\"image\":{\"@id\":\"https:\\\/\\\/www.previs.ch\\\/grosse-veraenderungen-im-stiftungsrat\\\/#primaryimage\"},\"thumbnailUrl\":\"https:\\\/\\\/www.previs.ch\\\/wp-content\\\/uploads\\\/2024\\\/09\\\/placeholder-herz.png\",\"datePublished\":\"2025-06-30T09:30:06+00:00\",\"dateModified\":\"2025-06-30T09:33:08+00:00\",\"description\":\"Ihren pers\u00f6nlichen Planungen folgend und zum Teil auch wegen Vorgaben der Aufsicht scheiden per 30. Juni 2025 f\u00fcnf Mitglieder des Stiftungsrats aus ihren \u00c4mtern aus.\",\"breadcrumb\":{\"@id\":\"https:\\\/\\\/www.previs.ch\\\/grosse-veraenderungen-im-stiftungsrat\\\/#breadcrumb\"},\"inLanguage\":\"de-CH\",\"potentialAction\":[{\"@type\":\"ReadAction\",\"target\":[\"https:\\\/\\\/www.previs.ch\\\/grosse-veraenderungen-im-stiftungsrat\\\/\"]}]},{\"@type\":\"ImageObject\",\"inLanguage\":\"de-CH\",\"@id\":\"https:\\\/\\\/www.previs.ch\\\/grosse-veraenderungen-im-stiftungsrat\\\/#primaryimage\",\"url\":\"https:\\\/\\\/www.previs.ch\\\/wp-content\\\/uploads\\\/2024\\\/09\\\/placeholder-herz.png\",\"contentUrl\":\"https:\\\/\\\/www.previs.ch\\\/wp-content\\\/uploads\\\/2024\\\/09\\\/placeholder-herz.png\",\"width\":784,\"height\":522,\"caption\":\"Platzhalter Herz\"},{\"@type\":\"BreadcrumbList\",\"@id\":\"https:\\\/\\\/www.previs.ch\\\/grosse-veraenderungen-im-stiftungsrat\\\/#breadcrumb\",\"itemListElement\":[{\"@type\":\"ListItem\",\"position\":1,\"name\":\"Home\",\"item\":\"https:\\\/\\\/www.previs.ch\\\/\"},{\"@type\":\"ListItem\",\"position\":2,\"name\":\"Grosse Ver\u00e4nderungen im Stiftungsrat\"}]},{\"@type\":\"WebSite\",\"@id\":\"https:\\\/\\\/www.previs.ch\\\/#website\",\"url\":\"https:\\\/\\\/www.previs.ch\\\/\",\"name\":\"Previs Vorsorge\",\"description\":\"Wo Transparenz Vertrauen schafft\",\"publisher\":{\"@id\":\"https:\\\/\\\/www.previs.ch\\\/#organization\"},\"alternateName\":\"Previs\",\"potentialAction\":[{\"@type\":\"SearchAction\",\"target\":{\"@type\":\"EntryPoint\",\"urlTemplate\":\"https:\\\/\\\/www.previs.ch\\\/?s={search_term_string}\"},\"query-input\":{\"@type\":\"PropertyValueSpecification\",\"valueRequired\":true,\"valueName\":\"search_term_string\"}}],\"inLanguage\":\"de-CH\"},{\"@type\":\"Organization\",\"@id\":\"https:\\\/\\\/www.previs.ch\\\/#organization\",\"name\":\"Previs Vorsorge\",\"alternateName\":\"Previs\",\"url\":\"https:\\\/\\\/www.previs.ch\\\/\",\"logo\":{\"@type\":\"ImageObject\",\"inLanguage\":\"de-CH\",\"@id\":\"https:\\\/\\\/www.previs.ch\\\/#\\\/schema\\\/logo\\\/image\\\/\",\"url\":\"https:\\\/\\\/www.previs.ch\\\/wp-content\\\/uploads\\\/2024\\\/07\\\/cropped-previs-vorsorge-favicon.png\",\"contentUrl\":\"https:\\\/\\\/www.previs.ch\\\/wp-content\\\/uploads\\\/2024\\\/07\\\/cropped-previs-vorsorge-favicon.png\",\"width\":512,\"height\":512,\"caption\":\"Previs Vorsorge\"},\"image\":{\"@id\":\"https:\\\/\\\/www.previs.ch\\\/#\\\/schema\\\/logo\\\/image\\\/\"},\"sameAs\":[\"https:\\\/\\\/www.linkedin.com\\\/company\\\/previsvorsorge\\\/\"]},{\"@type\":\"Person\",\"@id\":\"https:\\\/\\\/www.previs.ch\\\/#\\\/schema\\\/person\\\/63fa812285f9e73f01a59d58fcac965f\",\"name\":\"nadjapfaffhauser\",\"image\":{\"@type\":\"ImageObject\",\"inLanguage\":\"de-CH\",\"@id\":\"https:\\\/\\\/secure.gravatar.com\\\/avatar\\\/0036c927da3f02f035273f0c67b7e1a69eb1458e9a57ab10944b83a0d8201e37?s=96&d=mm&r=g\",\"url\":\"https:\\\/\\\/secure.gravatar.com\\\/avatar\\\/0036c927da3f02f035273f0c67b7e1a69eb1458e9a57ab10944b83a0d8201e37?s=96&d=mm&r=g\",\"contentUrl\":\"https:\\\/\\\/secure.gravatar.com\\\/avatar\\\/0036c927da3f02f035273f0c67b7e1a69eb1458e9a57ab10944b83a0d8201e37?s=96&d=mm&r=g\",\"caption\":\"nadjapfaffhauser\"},\"url\":\"https:\\\/\\\/www.previs.ch\\\/author\\\/nadjapfaffhauser\\\/\"}]}<\/script>\n<!-- \/ Yoast SEO plugin. -->","yoast_head_json":{"title":"Grosse Ver\u00e4nderungen im Stiftungsrat | Previs Vorsorge","description":"Ihren pers\u00f6nlichen Planungen folgend und zum Teil auch wegen Vorgaben der Aufsicht scheiden per 30. Juni 2025 f\u00fcnf Mitglieder des Stiftungsrats aus ihren \u00c4mtern aus.","robots":{"index":"index","follow":"follow","max-snippet":"max-snippet:-1","max-image-preview":"max-image-preview:large","max-video-preview":"max-video-preview:-1"},"canonical":"https:\/\/www.previs.ch\/grosse-veraenderungen-im-stiftungsrat\/","og_locale":"de_DE","og_type":"article","og_title":"Grosse Ver\u00e4nderungen im Stiftungsrat | Previs Vorsorge","og_description":"Ihren pers\u00f6nlichen Planungen folgend und zum Teil auch wegen Vorgaben der Aufsicht scheiden per 30. Juni 2025 f\u00fcnf Mitglieder des Stiftungsrats aus ihren \u00c4mtern aus.","og_url":"https:\/\/www.previs.ch\/grosse-veraenderungen-im-stiftungsrat\/","og_site_name":"Previs Vorsorge","article_published_time":"2025-06-30T09:30:06+00:00","article_modified_time":"2025-06-30T09:33:08+00:00","og_image":[{"width":784,"height":522,"url":"https:\/\/www.previs.ch\/wp-content\/uploads\/2024\/09\/placeholder-herz.png","type":"image\/png"}],"author":"nadjapfaffhauser","twitter_card":"summary_large_image","twitter_misc":{"Geschrieben von":"nadjapfaffhauser","Gesch\u00e4tzte Lesezeit":"2\u00a0Minuten"},"schema":{"@context":"https:\/\/schema.org","@graph":[{"@type":"Article","@id":"https:\/\/www.previs.ch\/grosse-veraenderungen-im-stiftungsrat\/#article","isPartOf":{"@id":"https:\/\/www.previs.ch\/grosse-veraenderungen-im-stiftungsrat\/"},"author":{"name":"nadjapfaffhauser","@id":"https:\/\/www.previs.ch\/#\/schema\/person\/63fa812285f9e73f01a59d58fcac965f"},"headline":"Grosse Ver\u00e4nderungen im Stiftungsrat","datePublished":"2025-06-30T09:30:06+00:00","dateModified":"2025-06-30T09:33:08+00:00","mainEntityOfPage":{"@id":"https:\/\/www.previs.ch\/grosse-veraenderungen-im-stiftungsrat\/"},"wordCount":5,"publisher":{"@id":"https:\/\/www.previs.ch\/#organization"},"image":{"@id":"https:\/\/www.previs.ch\/grosse-veraenderungen-im-stiftungsrat\/#primaryimage"},"thumbnailUrl":"https:\/\/www.previs.ch\/wp-content\/uploads\/2024\/09\/placeholder-herz.png","keywords":["Previs","Stiftungsrat","Vorsorge","Wahlen"],"articleSection":["\u00dcber uns"],"inLanguage":"de-CH"},{"@type":"WebPage","@id":"https:\/\/www.previs.ch\/grosse-veraenderungen-im-stiftungsrat\/","url":"https:\/\/www.previs.ch\/grosse-veraenderungen-im-stiftungsrat\/","name":"Grosse Ver\u00e4nderungen im Stiftungsrat | Previs Vorsorge","isPartOf":{"@id":"https:\/\/www.previs.ch\/#website"},"primaryImageOfPage":{"@id":"https:\/\/www.previs.ch\/grosse-veraenderungen-im-stiftungsrat\/#primaryimage"},"image":{"@id":"https:\/\/www.previs.ch\/grosse-veraenderungen-im-stiftungsrat\/#primaryimage"},"thumbnailUrl":"https:\/\/www.previs.ch\/wp-content\/uploads\/2024\/09\/placeholder-herz.png","datePublished":"2025-06-30T09:30:06+00:00","dateModified":"2025-06-30T09:33:08+00:00","description":"Ihren pers\u00f6nlichen Planungen folgend und zum Teil auch wegen Vorgaben der Aufsicht scheiden per 30. Juni 2025 f\u00fcnf Mitglieder des Stiftungsrats aus ihren \u00c4mtern aus.","breadcrumb":{"@id":"https:\/\/www.previs.ch\/grosse-veraenderungen-im-stiftungsrat\/#breadcrumb"},"inLanguage":"de-CH","potentialAction":[{"@type":"ReadAction","target":["https:\/\/www.previs.ch\/grosse-veraenderungen-im-stiftungsrat\/"]}]},{"@type":"ImageObject","inLanguage":"de-CH","@id":"https:\/\/www.previs.ch\/grosse-veraenderungen-im-stiftungsrat\/#primaryimage","url":"https:\/\/www.previs.ch\/wp-content\/uploads\/2024\/09\/placeholder-herz.png","contentUrl":"https:\/\/www.previs.ch\/wp-content\/uploads\/2024\/09\/placeholder-herz.png","width":784,"height":522,"caption":"Platzhalter Herz"},{"@type":"BreadcrumbList","@id":"https:\/\/www.previs.ch\/grosse-veraenderungen-im-stiftungsrat\/#breadcrumb","itemListElement":[{"@type":"ListItem","position":1,"name":"Home","item":"https:\/\/www.previs.ch\/"},{"@type":"ListItem","position":2,"name":"Grosse Ver\u00e4nderungen im Stiftungsrat"}]},{"@type":"WebSite","@id":"https:\/\/www.previs.ch\/#website","url":"https:\/\/www.previs.ch\/","name":"Previs Vorsorge","description":"Wo Transparenz Vertrauen schafft","publisher":{"@id":"https:\/\/www.previs.ch\/#organization"},"alternateName":"Previs","potentialAction":[{"@type":"SearchAction","target":{"@type":"EntryPoint","urlTemplate":"https:\/\/www.previs.ch\/?s={search_term_string}"},"query-input":{"@type":"PropertyValueSpecification","valueRequired":true,"valueName":"search_term_string"}}],"inLanguage":"de-CH"},{"@type":"Organization","@id":"https:\/\/www.previs.ch\/#organization","name":"Previs Vorsorge","alternateName":"Previs","url":"https:\/\/www.previs.ch\/","logo":{"@type":"ImageObject","inLanguage":"de-CH","@id":"https:\/\/www.previs.ch\/#\/schema\/logo\/image\/","url":"https:\/\/www.previs.ch\/wp-content\/uploads\/2024\/07\/cropped-previs-vorsorge-favicon.png","contentUrl":"https:\/\/www.previs.ch\/wp-content\/uploads\/2024\/07\/cropped-previs-vorsorge-favicon.png","width":512,"height":512,"caption":"Previs Vorsorge"},"image":{"@id":"https:\/\/www.previs.ch\/#\/schema\/logo\/image\/"},"sameAs":["https:\/\/www.linkedin.com\/company\/previsvorsorge\/"]},{"@type":"Person","@id":"https:\/\/www.previs.ch\/#\/schema\/person\/63fa812285f9e73f01a59d58fcac965f","name":"nadjapfaffhauser","image":{"@type":"ImageObject","inLanguage":"de-CH","@id":"https:\/\/secure.gravatar.com\/avatar\/0036c927da3f02f035273f0c67b7e1a69eb1458e9a57ab10944b83a0d8201e37?s=96&d=mm&r=g","url":"https:\/\/secure.gravatar.com\/avatar\/0036c927da3f02f035273f0c67b7e1a69eb1458e9a57ab10944b83a0d8201e37?s=96&d=mm&r=g","contentUrl":"https:\/\/secure.gravatar.com\/avatar\/0036c927da3f02f035273f0c67b7e1a69eb1458e9a57ab10944b83a0d8201e37?s=96&d=mm&r=g","caption":"nadjapfaffhauser"},"url":"https:\/\/www.previs.ch\/author\/nadjapfaffhauser\/"}]}},"acf":{"simple_options":{"show_featured_image":false,"bgcolor":"","color_title":"","description":"Ihren pers\u00f6nlichen Planungen folgend und zum Teil auch wegen Vorgaben der Aufsicht scheiden per 30. Juni 2025 f\u00fcnf Mitglieder des Stiftungsrats aus ihren \u00c4mtern aus."},"elements":[{"acf_fc_layout":"element-text","status":false,"group":null,"text_size":"normal","text":"Ihren pers\u00f6nlichen Planungen folgend und zum Teil auch wegen Vorgaben der Aufsicht scheiden per 30. Juni 2025 f\u00fcnf Mitglieder des Stiftungsrats aus ihren \u00c4mtern aus.\r\n\r\n<strong>Alfred Amrein<\/strong>, Arbeitgebenden-Vertreter und Vorsitzender des Anlageausschusses, seit 2012 im Stiftungsrat, <strong>J\u00fcrg Th\u00f6ni<\/strong>, Arbeitnehmenden-Vertreter, seit 2012, <strong>Matthias B\u00fctikofer<\/strong>, Arbeitgebenden-Vertreter seit 2014, <strong>Irene Minder Ruch<\/strong>, Arbeitnehmenden-Vertreterin und Susanne Graf, Arbeitgebenden-Vertreterin seit 2020 im Stiftungsrat.\r\n\r\nDie Previs Vorsorge dankt den f\u00fcnf ausscheidenden Mitgliedern sehr herzlich f\u00fcr ihr Engagement zu Gunsten der Stiftung und der Versicherten, rentenbeziehenden Personen und der Anschl\u00fcsse. Sie haben die Previs durch ruhige und st\u00fcrmische Zeiten mit viel Weitsicht und Kompetenz gef\u00fchrt. Wir w\u00fcnschen allen auf ihrem weiteren Lebensweg alles Gute.\r\n\r\nAls Nachfolgerinnen und Nachfolger hat die Delegiertenversammlung mit Amtsantritt am 1. Juli 2025 die folgenden neuen Mitglieder gew\u00e4hlt:\r\n\r\n<strong>Christina B\u00fchrer-Keller, Monika Sauter, Rolf Seiler<\/strong> und <strong>Michael Wyss<\/strong> als Arbeitnehmenden-Vertretungen sowie <strong>Urs Kappeler<\/strong> als Arbeitgebenden-Vertretung.\r\n\r\nDie Previs Vorsorge w\u00fcnscht den Neugew\u00e4hlten viel Befriedigung und Erfolg im neuen Amt und dankt ihnen f\u00fcr die Bereitschaft zum Wohl unserer Vorsorgeeinrichtung beizutragen."}]},"publishpress_future_action":{"enabled":false,"date":"2026-05-07 03:45:54","action":"change-status","newStatus":"draft","terms":[],"taxonomy":"category","extraData":[]},"publishpress_future_workflow_manual_trigger":{"enabledWorkflows":[]},"_links":{"self":[{"href":"https:\/\/www.previs.ch\/api\/wp\/v2\/posts\/13039","targetHints":{"allow":["GET"]}}],"collection":[{"href":"https:\/\/www.previs.ch\/api\/wp\/v2\/posts"}],"about":[{"href":"https:\/\/www.previs.ch\/api\/wp\/v2\/types\/post"}],"author":[{"embeddable":true,"href":"https:\/\/www.previs.ch\/api\/wp\/v2\/users\/3"}],"replies":[{"embeddable":true,"href":"https:\/\/www.previs.ch\/api\/wp\/v2\/comments?post=13039"}],"version-history":[{"count":6,"href":"https:\/\/www.previs.ch\/api\/wp\/v2\/posts\/13039\/revisions"}],"predecessor-version":[{"id":13177,"href":"https:\/\/www.previs.ch\/api\/wp\/v2\/posts\/13039\/revisions\/13177"}],"wp:featuredmedia":[{"embeddable":true,"href":"https:\/\/www.previs.ch\/api\/wp\/v2\/media\/3923"}],"wp:attachment":[{"href":"https:\/\/www.previs.ch\/api\/wp\/v2\/media?parent=13039"}],"wp:term":[{"taxonomy":"category","embeddable":true,"href":"https:\/\/www.previs.ch\/api\/wp\/v2\/categories?post=13039"},{"taxonomy":"post_tag","embeddable":true,"href":"https:\/\/www.previs.ch\/api\/wp\/v2\/tags?post=13039"}],"curies":[{"name":"wp","href":"https:\/\/api.w.org\/{rel}","templated":true}]}}