{"id":13293,"date":"2025-07-04T08:15:26","date_gmt":"2025-07-04T06:15:26","guid":{"rendered":"https:\/\/www.previs.ch\/?p=13293"},"modified":"2025-07-04T08:17:41","modified_gmt":"2025-07-04T06:17:41","slug":"wir-gratulieren-zum-lehrabschluss","status":"publish","type":"post","link":"https:\/\/www.previs.ch\/wir-gratulieren-zum-lehrabschluss\/","title":{"rendered":"Wir gratulieren herzlich zum Lehrabschluss"},"content":{"rendered":"","protected":false},"excerpt":{"rendered":"","protected":false},"author":3,"featured_media":13304,"comment_status":"closed","ping_status":"closed","sticky":false,"template":"","format":"standard","meta":{"_acf_changed":false,"footnotes":""},"categories":[5,2],"tags":[148,152,151,149,150],"class_list":["post-13293","post","type-post","status-publish","format-standard","has-post-thumbnail","hentry","category-human-resources","category-ueber-uns","tag-ausbildung","tag-kauffrau","tag-kaufmann","tag-lehre","tag-lehrstelle"],"yoast_head":"<!-- This site is optimized with the Yoast SEO plugin v27.3 - https:\/\/yoast.com\/product\/yoast-seo-wordpress\/ -->\n<title>Wir gratulieren herzlich zum Lehrabschluss | Previs Vorsorge<\/title>\n<meta name=\"description\" content=\"An der Diplomfeier der Kaufleute EFZ durfte unser Lernender, Dave Gerber, sein Diplom entgegennehmen.\" \/>\n<meta name=\"robots\" content=\"index, follow, max-snippet:-1, max-image-preview:large, max-video-preview:-1\" \/>\n<link rel=\"canonical\" href=\"https:\/\/www.previs.ch\/wir-gratulieren-zum-lehrabschluss\/\" \/>\n<meta property=\"og:locale\" content=\"de_DE\" \/>\n<meta property=\"og:type\" content=\"article\" \/>\n<meta property=\"og:title\" content=\"Wir gratulieren herzlich zum Lehrabschluss | Previs Vorsorge\" \/>\n<meta property=\"og:description\" content=\"An der Diplomfeier der Kaufleute EFZ durfte unser Lernender, Dave Gerber, sein Diplom entgegennehmen.\" \/>\n<meta property=\"og:url\" content=\"https:\/\/www.previs.ch\/wir-gratulieren-zum-lehrabschluss\/\" \/>\n<meta property=\"og:site_name\" content=\"Previs Vorsorge\" \/>\n<meta property=\"article:published_time\" content=\"2025-07-04T06:15:26+00:00\" \/>\n<meta property=\"article:modified_time\" content=\"2025-07-04T06:17:41+00:00\" \/>\n<meta property=\"og:image\" content=\"https:\/\/www.previs.ch\/wp-content\/uploads\/2025\/07\/IMG_7531-scaled-e1751609843519.jpg\" \/>\n\t<meta property=\"og:image:width\" content=\"2560\" \/>\n\t<meta property=\"og:image:height\" content=\"2133\" \/>\n\t<meta property=\"og:image:type\" content=\"image\/jpeg\" \/>\n<meta name=\"author\" content=\"nadjapfaffhauser\" \/>\n<meta name=\"twitter:card\" content=\"summary_large_image\" \/>\n<meta name=\"twitter:label1\" content=\"Geschrieben von\" \/>\n\t<meta name=\"twitter:data1\" content=\"nadjapfaffhauser\" \/>\n\t<meta name=\"twitter:label2\" content=\"Gesch\u00e4tzte Lesezeit\" \/>\n\t<meta name=\"twitter:data2\" content=\"2\u00a0Minuten\" \/>\n<script type=\"application\/ld+json\" class=\"yoast-schema-graph\">{\"@context\":\"https:\\\/\\\/schema.org\",\"@graph\":[{\"@type\":\"Article\",\"@id\":\"https:\\\/\\\/www.previs.ch\\\/wir-gratulieren-zum-lehrabschluss\\\/#article\",\"isPartOf\":{\"@id\":\"https:\\\/\\\/www.previs.ch\\\/wir-gratulieren-zum-lehrabschluss\\\/\"},\"author\":{\"name\":\"nadjapfaffhauser\",\"@id\":\"https:\\\/\\\/www.previs.ch\\\/#\\\/schema\\\/person\\\/63fa812285f9e73f01a59d58fcac965f\"},\"headline\":\"Wir gratulieren herzlich zum Lehrabschluss\",\"datePublished\":\"2025-07-04T06:15:26+00:00\",\"dateModified\":\"2025-07-04T06:17:41+00:00\",\"mainEntityOfPage\":{\"@id\":\"https:\\\/\\\/www.previs.ch\\\/wir-gratulieren-zum-lehrabschluss\\\/\"},\"wordCount\":5,\"publisher\":{\"@id\":\"https:\\\/\\\/www.previs.ch\\\/#organization\"},\"image\":{\"@id\":\"https:\\\/\\\/www.previs.ch\\\/wir-gratulieren-zum-lehrabschluss\\\/#primaryimage\"},\"thumbnailUrl\":\"https:\\\/\\\/www.previs.ch\\\/wp-content\\\/uploads\\\/2025\\\/07\\\/IMG_7531-scaled-e1751609843519.jpg\",\"keywords\":[\"Ausbildung\",\"Kauffrau\",\"Kaufmann\",\"Lehre\",\"Lehrstelle\"],\"articleSection\":[\"Human Resources\",\"\u00dcber uns\"],\"inLanguage\":\"de-CH\"},{\"@type\":\"WebPage\",\"@id\":\"https:\\\/\\\/www.previs.ch\\\/wir-gratulieren-zum-lehrabschluss\\\/\",\"url\":\"https:\\\/\\\/www.previs.ch\\\/wir-gratulieren-zum-lehrabschluss\\\/\",\"name\":\"Wir gratulieren herzlich zum Lehrabschluss | Previs Vorsorge\",\"isPartOf\":{\"@id\":\"https:\\\/\\\/www.previs.ch\\\/#website\"},\"primaryImageOfPage\":{\"@id\":\"https:\\\/\\\/www.previs.ch\\\/wir-gratulieren-zum-lehrabschluss\\\/#primaryimage\"},\"image\":{\"@id\":\"https:\\\/\\\/www.previs.ch\\\/wir-gratulieren-zum-lehrabschluss\\\/#primaryimage\"},\"thumbnailUrl\":\"https:\\\/\\\/www.previs.ch\\\/wp-content\\\/uploads\\\/2025\\\/07\\\/IMG_7531-scaled-e1751609843519.jpg\",\"datePublished\":\"2025-07-04T06:15:26+00:00\",\"dateModified\":\"2025-07-04T06:17:41+00:00\",\"description\":\"An der Diplomfeier der Kaufleute EFZ durfte unser Lernender, Dave Gerber, sein Diplom entgegennehmen.\",\"breadcrumb\":{\"@id\":\"https:\\\/\\\/www.previs.ch\\\/wir-gratulieren-zum-lehrabschluss\\\/#breadcrumb\"},\"inLanguage\":\"de-CH\",\"potentialAction\":[{\"@type\":\"ReadAction\",\"target\":[\"https:\\\/\\\/www.previs.ch\\\/wir-gratulieren-zum-lehrabschluss\\\/\"]}]},{\"@type\":\"ImageObject\",\"inLanguage\":\"de-CH\",\"@id\":\"https:\\\/\\\/www.previs.ch\\\/wir-gratulieren-zum-lehrabschluss\\\/#primaryimage\",\"url\":\"https:\\\/\\\/www.previs.ch\\\/wp-content\\\/uploads\\\/2025\\\/07\\\/IMG_7531-scaled-e1751609843519.jpg\",\"contentUrl\":\"https:\\\/\\\/www.previs.ch\\\/wp-content\\\/uploads\\\/2025\\\/07\\\/IMG_7531-scaled-e1751609843519.jpg\",\"width\":2560,\"height\":2133,\"caption\":\"Dave Gerber hat sein Diplom zum Kaufmann EFZ in der Hand.\"},{\"@type\":\"BreadcrumbList\",\"@id\":\"https:\\\/\\\/www.previs.ch\\\/wir-gratulieren-zum-lehrabschluss\\\/#breadcrumb\",\"itemListElement\":[{\"@type\":\"ListItem\",\"position\":1,\"name\":\"Home\",\"item\":\"https:\\\/\\\/www.previs.ch\\\/\"},{\"@type\":\"ListItem\",\"position\":2,\"name\":\"Wir gratulieren herzlich zum Lehrabschluss\"}]},{\"@type\":\"WebSite\",\"@id\":\"https:\\\/\\\/www.previs.ch\\\/#website\",\"url\":\"https:\\\/\\\/www.previs.ch\\\/\",\"name\":\"Previs Vorsorge\",\"description\":\"Wo Transparenz Vertrauen schafft\",\"publisher\":{\"@id\":\"https:\\\/\\\/www.previs.ch\\\/#organization\"},\"alternateName\":\"Previs\",\"potentialAction\":[{\"@type\":\"SearchAction\",\"target\":{\"@type\":\"EntryPoint\",\"urlTemplate\":\"https:\\\/\\\/www.previs.ch\\\/?s={search_term_string}\"},\"query-input\":{\"@type\":\"PropertyValueSpecification\",\"valueRequired\":true,\"valueName\":\"search_term_string\"}}],\"inLanguage\":\"de-CH\"},{\"@type\":\"Organization\",\"@id\":\"https:\\\/\\\/www.previs.ch\\\/#organization\",\"name\":\"Previs Vorsorge\",\"alternateName\":\"Previs\",\"url\":\"https:\\\/\\\/www.previs.ch\\\/\",\"logo\":{\"@type\":\"ImageObject\",\"inLanguage\":\"de-CH\",\"@id\":\"https:\\\/\\\/www.previs.ch\\\/#\\\/schema\\\/logo\\\/image\\\/\",\"url\":\"https:\\\/\\\/www.previs.ch\\\/wp-content\\\/uploads\\\/2024\\\/07\\\/cropped-previs-vorsorge-favicon.png\",\"contentUrl\":\"https:\\\/\\\/www.previs.ch\\\/wp-content\\\/uploads\\\/2024\\\/07\\\/cropped-previs-vorsorge-favicon.png\",\"width\":512,\"height\":512,\"caption\":\"Previs Vorsorge\"},\"image\":{\"@id\":\"https:\\\/\\\/www.previs.ch\\\/#\\\/schema\\\/logo\\\/image\\\/\"},\"sameAs\":[\"https:\\\/\\\/www.linkedin.com\\\/company\\\/previsvorsorge\\\/\"]},{\"@type\":\"Person\",\"@id\":\"https:\\\/\\\/www.previs.ch\\\/#\\\/schema\\\/person\\\/63fa812285f9e73f01a59d58fcac965f\",\"name\":\"nadjapfaffhauser\",\"image\":{\"@type\":\"ImageObject\",\"inLanguage\":\"de-CH\",\"@id\":\"https:\\\/\\\/secure.gravatar.com\\\/avatar\\\/0036c927da3f02f035273f0c67b7e1a69eb1458e9a57ab10944b83a0d8201e37?s=96&d=mm&r=g\",\"url\":\"https:\\\/\\\/secure.gravatar.com\\\/avatar\\\/0036c927da3f02f035273f0c67b7e1a69eb1458e9a57ab10944b83a0d8201e37?s=96&d=mm&r=g\",\"contentUrl\":\"https:\\\/\\\/secure.gravatar.com\\\/avatar\\\/0036c927da3f02f035273f0c67b7e1a69eb1458e9a57ab10944b83a0d8201e37?s=96&d=mm&r=g\",\"caption\":\"nadjapfaffhauser\"},\"url\":\"https:\\\/\\\/www.previs.ch\\\/author\\\/nadjapfaffhauser\\\/\"}]}<\/script>\n<!-- \/ Yoast SEO plugin. -->","yoast_head_json":{"title":"Wir gratulieren herzlich zum Lehrabschluss | Previs Vorsorge","description":"An der Diplomfeier der Kaufleute EFZ durfte unser Lernender, Dave Gerber, sein Diplom entgegennehmen.","robots":{"index":"index","follow":"follow","max-snippet":"max-snippet:-1","max-image-preview":"max-image-preview:large","max-video-preview":"max-video-preview:-1"},"canonical":"https:\/\/www.previs.ch\/wir-gratulieren-zum-lehrabschluss\/","og_locale":"de_DE","og_type":"article","og_title":"Wir gratulieren herzlich zum Lehrabschluss | Previs Vorsorge","og_description":"An der Diplomfeier der Kaufleute EFZ durfte unser Lernender, Dave Gerber, sein Diplom entgegennehmen.","og_url":"https:\/\/www.previs.ch\/wir-gratulieren-zum-lehrabschluss\/","og_site_name":"Previs Vorsorge","article_published_time":"2025-07-04T06:15:26+00:00","article_modified_time":"2025-07-04T06:17:41+00:00","og_image":[{"width":2560,"height":2133,"url":"https:\/\/www.previs.ch\/wp-content\/uploads\/2025\/07\/IMG_7531-scaled-e1751609843519.jpg","type":"image\/jpeg"}],"author":"nadjapfaffhauser","twitter_card":"summary_large_image","twitter_misc":{"Geschrieben von":"nadjapfaffhauser","Gesch\u00e4tzte Lesezeit":"2\u00a0Minuten"},"schema":{"@context":"https:\/\/schema.org","@graph":[{"@type":"Article","@id":"https:\/\/www.previs.ch\/wir-gratulieren-zum-lehrabschluss\/#article","isPartOf":{"@id":"https:\/\/www.previs.ch\/wir-gratulieren-zum-lehrabschluss\/"},"author":{"name":"nadjapfaffhauser","@id":"https:\/\/www.previs.ch\/#\/schema\/person\/63fa812285f9e73f01a59d58fcac965f"},"headline":"Wir gratulieren herzlich zum Lehrabschluss","datePublished":"2025-07-04T06:15:26+00:00","dateModified":"2025-07-04T06:17:41+00:00","mainEntityOfPage":{"@id":"https:\/\/www.previs.ch\/wir-gratulieren-zum-lehrabschluss\/"},"wordCount":5,"publisher":{"@id":"https:\/\/www.previs.ch\/#organization"},"image":{"@id":"https:\/\/www.previs.ch\/wir-gratulieren-zum-lehrabschluss\/#primaryimage"},"thumbnailUrl":"https:\/\/www.previs.ch\/wp-content\/uploads\/2025\/07\/IMG_7531-scaled-e1751609843519.jpg","keywords":["Ausbildung","Kauffrau","Kaufmann","Lehre","Lehrstelle"],"articleSection":["Human Resources","\u00dcber uns"],"inLanguage":"de-CH"},{"@type":"WebPage","@id":"https:\/\/www.previs.ch\/wir-gratulieren-zum-lehrabschluss\/","url":"https:\/\/www.previs.ch\/wir-gratulieren-zum-lehrabschluss\/","name":"Wir gratulieren herzlich zum Lehrabschluss | Previs Vorsorge","isPartOf":{"@id":"https:\/\/www.previs.ch\/#website"},"primaryImageOfPage":{"@id":"https:\/\/www.previs.ch\/wir-gratulieren-zum-lehrabschluss\/#primaryimage"},"image":{"@id":"https:\/\/www.previs.ch\/wir-gratulieren-zum-lehrabschluss\/#primaryimage"},"thumbnailUrl":"https:\/\/www.previs.ch\/wp-content\/uploads\/2025\/07\/IMG_7531-scaled-e1751609843519.jpg","datePublished":"2025-07-04T06:15:26+00:00","dateModified":"2025-07-04T06:17:41+00:00","description":"An der Diplomfeier der Kaufleute EFZ durfte unser Lernender, Dave Gerber, sein Diplom entgegennehmen.","breadcrumb":{"@id":"https:\/\/www.previs.ch\/wir-gratulieren-zum-lehrabschluss\/#breadcrumb"},"inLanguage":"de-CH","potentialAction":[{"@type":"ReadAction","target":["https:\/\/www.previs.ch\/wir-gratulieren-zum-lehrabschluss\/"]}]},{"@type":"ImageObject","inLanguage":"de-CH","@id":"https:\/\/www.previs.ch\/wir-gratulieren-zum-lehrabschluss\/#primaryimage","url":"https:\/\/www.previs.ch\/wp-content\/uploads\/2025\/07\/IMG_7531-scaled-e1751609843519.jpg","contentUrl":"https:\/\/www.previs.ch\/wp-content\/uploads\/2025\/07\/IMG_7531-scaled-e1751609843519.jpg","width":2560,"height":2133,"caption":"Dave Gerber hat sein Diplom zum Kaufmann EFZ in der Hand."},{"@type":"BreadcrumbList","@id":"https:\/\/www.previs.ch\/wir-gratulieren-zum-lehrabschluss\/#breadcrumb","itemListElement":[{"@type":"ListItem","position":1,"name":"Home","item":"https:\/\/www.previs.ch\/"},{"@type":"ListItem","position":2,"name":"Wir gratulieren herzlich zum Lehrabschluss"}]},{"@type":"WebSite","@id":"https:\/\/www.previs.ch\/#website","url":"https:\/\/www.previs.ch\/","name":"Previs Vorsorge","description":"Wo Transparenz Vertrauen schafft","publisher":{"@id":"https:\/\/www.previs.ch\/#organization"},"alternateName":"Previs","potentialAction":[{"@type":"SearchAction","target":{"@type":"EntryPoint","urlTemplate":"https:\/\/www.previs.ch\/?s={search_term_string}"},"query-input":{"@type":"PropertyValueSpecification","valueRequired":true,"valueName":"search_term_string"}}],"inLanguage":"de-CH"},{"@type":"Organization","@id":"https:\/\/www.previs.ch\/#organization","name":"Previs Vorsorge","alternateName":"Previs","url":"https:\/\/www.previs.ch\/","logo":{"@type":"ImageObject","inLanguage":"de-CH","@id":"https:\/\/www.previs.ch\/#\/schema\/logo\/image\/","url":"https:\/\/www.previs.ch\/wp-content\/uploads\/2024\/07\/cropped-previs-vorsorge-favicon.png","contentUrl":"https:\/\/www.previs.ch\/wp-content\/uploads\/2024\/07\/cropped-previs-vorsorge-favicon.png","width":512,"height":512,"caption":"Previs Vorsorge"},"image":{"@id":"https:\/\/www.previs.ch\/#\/schema\/logo\/image\/"},"sameAs":["https:\/\/www.linkedin.com\/company\/previsvorsorge\/"]},{"@type":"Person","@id":"https:\/\/www.previs.ch\/#\/schema\/person\/63fa812285f9e73f01a59d58fcac965f","name":"nadjapfaffhauser","image":{"@type":"ImageObject","inLanguage":"de-CH","@id":"https:\/\/secure.gravatar.com\/avatar\/0036c927da3f02f035273f0c67b7e1a69eb1458e9a57ab10944b83a0d8201e37?s=96&d=mm&r=g","url":"https:\/\/secure.gravatar.com\/avatar\/0036c927da3f02f035273f0c67b7e1a69eb1458e9a57ab10944b83a0d8201e37?s=96&d=mm&r=g","contentUrl":"https:\/\/secure.gravatar.com\/avatar\/0036c927da3f02f035273f0c67b7e1a69eb1458e9a57ab10944b83a0d8201e37?s=96&d=mm&r=g","caption":"nadjapfaffhauser"},"url":"https:\/\/www.previs.ch\/author\/nadjapfaffhauser\/"}]}},"acf":{"simple_options":{"show_featured_image":false,"bgcolor":"","color_title":"","description":"An der Diplomfeier der Kaufleute EFZ durfte unser Lernender, Dave Gerber, sein Diplom entgegennehmen."},"elements":[{"acf_fc_layout":"element-text","status":false,"group":null,"text_size":"large","text":"An der Diplomfeier der Kaufleute EFZ durfte unser Lernender, Dave Gerber, sein Diplom entgegennehmen und hat damit seinen ersten beruflichen Meilenstein erreicht. Wir gratulieren ganz herzlich zu der tollen Leistung."},{"acf_fc_layout":"element-text","status":false,"group":null,"text_size":"normal","text":"W\u00e4hrend seiner Ausbildung zum Kaufmann EFZ, Branche Dienstleistung und Administration, konnte Dave in verschiedenen Bereichen der Previs erste Berufserfahrungen sammeln. Als Mitarbeiter Kundenbetreuung | Support im Bereich Vorsorge wird er uns w\u00e4hrend dem Previs Anschlussjahr weiterhin tatkr\u00e4ftig unterst\u00fctzen."},{"acf_fc_layout":"element-title","status":false,"title":"Ausbildungsstart f\u00fcr drei Lernende","title_type":"h4"},{"acf_fc_layout":"element-text","status":false,"group":null,"text_size":"normal","text":"Als Ausbildungsbetrieb engagieren wir uns f\u00fcr den Berufsnachwuchs \u2013 und profitieren zugleich vom frischen Blick der jungen Menschen. Wir freuen uns daher sehr ab August drei neue Lernende bei der Previs begr\u00fcssen zu d\u00fcrfen: Zwei Kaufleute EFZ in den Pr\u00fcfungsbranchen Dienstleistung und Administration respektive Treuhand\/Immobilien sowie eine Fachfrau Betriebsunterhalt EFZ beginnen dieses Jahr ihre Lehre bei der Previs."},{"acf_fc_layout":"element-title","status":false,"title":"Starte deine berufliche Zukunft bei der Previs","title_type":"h4"},{"acf_fc_layout":"element-text","status":false,"group":null,"text_size":"normal","text":"Mehr \u00fcber die verschiedenen Ausbildungsm\u00f6glichkeiten bei der Previs."},{"acf_fc_layout":"element-buttons","status":false,"buttons":[{"text":"Ausbildung bei der Previs","type":"internal","style":"btn-primary","link":663,"anchor":"","url":""}]},{"acf_fc_layout":"element-spacer","status":false,"group":null,"space_size":"nm"},{"acf_fc_layout":"element-image-carousel","status":false,"group":"","activate_lightbox":false,"slides":[{"image":13304,"caption":"Dave Gerber durfte mit Stolz sein F\u00e4higkeitszeugnis entgegennehmen."},{"image":13301,"caption":"Anl\u00e4sslich der Diplomfeier der WKS wurde der Lehrabschluss der Kaufleute geb\u00fchrend gefeiert."}]}]},"publishpress_future_action":{"enabled":false,"date":"2026-05-08 10:21:27","action":"change-status","newStatus":"draft","terms":[],"taxonomy":"category","extraData":[]},"publishpress_future_workflow_manual_trigger":{"enabledWorkflows":[]},"_links":{"self":[{"href":"https:\/\/www.previs.ch\/api\/wp\/v2\/posts\/13293","targetHints":{"allow":["GET"]}}],"collection":[{"href":"https:\/\/www.previs.ch\/api\/wp\/v2\/posts"}],"about":[{"href":"https:\/\/www.previs.ch\/api\/wp\/v2\/types\/post"}],"author":[{"embeddable":true,"href":"https:\/\/www.previs.ch\/api\/wp\/v2\/users\/3"}],"replies":[{"embeddable":true,"href":"https:\/\/www.previs.ch\/api\/wp\/v2\/comments?post=13293"}],"version-history":[{"count":4,"href":"https:\/\/www.previs.ch\/api\/wp\/v2\/posts\/13293\/revisions"}],"predecessor-version":[{"id":13308,"href":"https:\/\/www.previs.ch\/api\/wp\/v2\/posts\/13293\/revisions\/13308"}],"wp:featuredmedia":[{"embeddable":true,"href":"https:\/\/www.previs.ch\/api\/wp\/v2\/media\/13304"}],"wp:attachment":[{"href":"https:\/\/www.previs.ch\/api\/wp\/v2\/media?parent=13293"}],"wp:term":[{"taxonomy":"category","embeddable":true,"href":"https:\/\/www.previs.ch\/api\/wp\/v2\/categories?post=13293"},{"taxonomy":"post_tag","embeddable":true,"href":"https:\/\/www.previs.ch\/api\/wp\/v2\/tags?post=13293"}],"curies":[{"name":"wp","href":"https:\/\/api.w.org\/{rel}","templated":true}]}}