{"id":13976,"date":"2025-10-16T08:58:07","date_gmt":"2025-10-16T06:58:07","guid":{"rendered":"https:\/\/www.previs.ch\/?p=13976"},"modified":"2025-10-17T09:29:10","modified_gmt":"2025-10-17T07:29:10","slug":"die-previs-zu-gast-am-tag-der-gemeinden-an-der-olma","status":"publish","type":"post","link":"https:\/\/www.previs.ch\/die-previs-zu-gast-am-tag-der-gemeinden-an-der-olma\/","title":{"rendered":"Die Previs zu Gast am \u00abTag der Gemeinden\u00bb an der OLMA"},"content":{"rendered":"","protected":false},"excerpt":{"rendered":"","protected":false},"author":3,"featured_media":13977,"comment_status":"closed","ping_status":"closed","sticky":false,"template":"","format":"standard","meta":{"_acf_changed":false,"footnotes":""},"categories":[4],"tags":[],"class_list":["post-13976","post","type-post","status-publish","format-standard","has-post-thumbnail","hentry","category-vorsorge"],"yoast_head":"<!-- This site is optimized with the Yoast SEO plugin v27.3 - https:\/\/yoast.com\/product\/yoast-seo-wordpress\/ -->\n<title>Die Previs zu Gast am \u00abTag der Gemeinden\u00bb an der OLMA | Previs Vorsorge<\/title>\n<meta name=\"description\" content=\"Bereits zum zweiten Mal fand am 16. Oktober 2025 im Rahmen der OLMA der \u00abTag der Gemeinden\u00bb statt. Die Previs war mit einem Stand vor Ort.\" \/>\n<meta name=\"robots\" content=\"index, follow, max-snippet:-1, max-image-preview:large, max-video-preview:-1\" \/>\n<link rel=\"canonical\" href=\"https:\/\/www.previs.ch\/die-previs-zu-gast-am-tag-der-gemeinden-an-der-olma\/\" \/>\n<meta property=\"og:locale\" content=\"de_DE\" \/>\n<meta property=\"og:type\" content=\"article\" \/>\n<meta property=\"og:title\" content=\"Die Previs zu Gast am \u00abTag der Gemeinden\u00bb an der OLMA | Previs Vorsorge\" \/>\n<meta property=\"og:description\" content=\"Bereits zum zweiten Mal fand am 16. Oktober 2025 im Rahmen der OLMA der \u00abTag der Gemeinden\u00bb statt. Die Previs war mit einem Stand vor Ort.\" \/>\n<meta property=\"og:url\" content=\"https:\/\/www.previs.ch\/die-previs-zu-gast-am-tag-der-gemeinden-an-der-olma\/\" \/>\n<meta property=\"og:site_name\" content=\"Previs Vorsorge\" \/>\n<meta property=\"article:published_time\" content=\"2025-10-16T06:58:07+00:00\" \/>\n<meta property=\"article:modified_time\" content=\"2025-10-17T07:29:10+00:00\" \/>\n<meta property=\"og:image\" content=\"https:\/\/www.previs.ch\/wp-content\/uploads\/2025\/10\/LInkedIN_Olma_2025-e1760686074406.jpg\" \/>\n\t<meta property=\"og:image:width\" content=\"1613\" \/>\n\t<meta property=\"og:image:height\" content=\"1050\" \/>\n\t<meta property=\"og:image:type\" content=\"image\/jpeg\" \/>\n<meta name=\"author\" content=\"nadjapfaffhauser\" \/>\n<meta name=\"twitter:card\" content=\"summary_large_image\" \/>\n<meta name=\"twitter:label1\" content=\"Geschrieben von\" \/>\n\t<meta name=\"twitter:data1\" content=\"nadjapfaffhauser\" \/>\n\t<meta name=\"twitter:label2\" content=\"Gesch\u00e4tzte Lesezeit\" \/>\n\t<meta name=\"twitter:data2\" content=\"2\u00a0Minuten\" \/>\n<script type=\"application\/ld+json\" class=\"yoast-schema-graph\">{\"@context\":\"https:\\\/\\\/schema.org\",\"@graph\":[{\"@type\":\"Article\",\"@id\":\"https:\\\/\\\/www.previs.ch\\\/die-previs-zu-gast-am-tag-der-gemeinden-an-der-olma\\\/#article\",\"isPartOf\":{\"@id\":\"https:\\\/\\\/www.previs.ch\\\/die-previs-zu-gast-am-tag-der-gemeinden-an-der-olma\\\/\"},\"author\":{\"name\":\"nadjapfaffhauser\",\"@id\":\"https:\\\/\\\/www.previs.ch\\\/#\\\/schema\\\/person\\\/63fa812285f9e73f01a59d58fcac965f\"},\"headline\":\"Die Previs zu Gast am \u00abTag der Gemeinden\u00bb an der OLMA\",\"datePublished\":\"2025-10-16T06:58:07+00:00\",\"dateModified\":\"2025-10-17T07:29:10+00:00\",\"mainEntityOfPage\":{\"@id\":\"https:\\\/\\\/www.previs.ch\\\/die-previs-zu-gast-am-tag-der-gemeinden-an-der-olma\\\/\"},\"wordCount\":11,\"publisher\":{\"@id\":\"https:\\\/\\\/www.previs.ch\\\/#organization\"},\"image\":{\"@id\":\"https:\\\/\\\/www.previs.ch\\\/die-previs-zu-gast-am-tag-der-gemeinden-an-der-olma\\\/#primaryimage\"},\"thumbnailUrl\":\"https:\\\/\\\/www.previs.ch\\\/wp-content\\\/uploads\\\/2025\\\/10\\\/LInkedIN_Olma_2025-e1760686074406.jpg\",\"articleSection\":[\"Vorsorge\"],\"inLanguage\":\"de-CH\"},{\"@type\":\"WebPage\",\"@id\":\"https:\\\/\\\/www.previs.ch\\\/die-previs-zu-gast-am-tag-der-gemeinden-an-der-olma\\\/\",\"url\":\"https:\\\/\\\/www.previs.ch\\\/die-previs-zu-gast-am-tag-der-gemeinden-an-der-olma\\\/\",\"name\":\"Die Previs zu Gast am \u00abTag der Gemeinden\u00bb an der OLMA | Previs Vorsorge\",\"isPartOf\":{\"@id\":\"https:\\\/\\\/www.previs.ch\\\/#website\"},\"primaryImageOfPage\":{\"@id\":\"https:\\\/\\\/www.previs.ch\\\/die-previs-zu-gast-am-tag-der-gemeinden-an-der-olma\\\/#primaryimage\"},\"image\":{\"@id\":\"https:\\\/\\\/www.previs.ch\\\/die-previs-zu-gast-am-tag-der-gemeinden-an-der-olma\\\/#primaryimage\"},\"thumbnailUrl\":\"https:\\\/\\\/www.previs.ch\\\/wp-content\\\/uploads\\\/2025\\\/10\\\/LInkedIN_Olma_2025-e1760686074406.jpg\",\"datePublished\":\"2025-10-16T06:58:07+00:00\",\"dateModified\":\"2025-10-17T07:29:10+00:00\",\"description\":\"Bereits zum zweiten Mal fand am 16. Oktober 2025 im Rahmen der OLMA der \u00abTag der Gemeinden\u00bb statt. Die Previs war mit einem Stand vor Ort.\",\"breadcrumb\":{\"@id\":\"https:\\\/\\\/www.previs.ch\\\/die-previs-zu-gast-am-tag-der-gemeinden-an-der-olma\\\/#breadcrumb\"},\"inLanguage\":\"de-CH\",\"potentialAction\":[{\"@type\":\"ReadAction\",\"target\":[\"https:\\\/\\\/www.previs.ch\\\/die-previs-zu-gast-am-tag-der-gemeinden-an-der-olma\\\/\"]}]},{\"@type\":\"ImageObject\",\"inLanguage\":\"de-CH\",\"@id\":\"https:\\\/\\\/www.previs.ch\\\/die-previs-zu-gast-am-tag-der-gemeinden-an-der-olma\\\/#primaryimage\",\"url\":\"https:\\\/\\\/www.previs.ch\\\/wp-content\\\/uploads\\\/2025\\\/10\\\/LInkedIN_Olma_2025-e1760686074406.jpg\",\"contentUrl\":\"https:\\\/\\\/www.previs.ch\\\/wp-content\\\/uploads\\\/2025\\\/10\\\/LInkedIN_Olma_2025-e1760686074406.jpg\",\"width\":1613,\"height\":1050,\"caption\":\"Unsere Unternehmensberatenden stehen vor dem Stand der Previs.\"},{\"@type\":\"BreadcrumbList\",\"@id\":\"https:\\\/\\\/www.previs.ch\\\/die-previs-zu-gast-am-tag-der-gemeinden-an-der-olma\\\/#breadcrumb\",\"itemListElement\":[{\"@type\":\"ListItem\",\"position\":1,\"name\":\"Home\",\"item\":\"https:\\\/\\\/www.previs.ch\\\/\"},{\"@type\":\"ListItem\",\"position\":2,\"name\":\"Die Previs zu Gast am \u00abTag der Gemeinden\u00bb an der OLMA\"}]},{\"@type\":\"WebSite\",\"@id\":\"https:\\\/\\\/www.previs.ch\\\/#website\",\"url\":\"https:\\\/\\\/www.previs.ch\\\/\",\"name\":\"Previs Vorsorge\",\"description\":\"Wo Transparenz Vertrauen schafft\",\"publisher\":{\"@id\":\"https:\\\/\\\/www.previs.ch\\\/#organization\"},\"alternateName\":\"Previs\",\"potentialAction\":[{\"@type\":\"SearchAction\",\"target\":{\"@type\":\"EntryPoint\",\"urlTemplate\":\"https:\\\/\\\/www.previs.ch\\\/?s={search_term_string}\"},\"query-input\":{\"@type\":\"PropertyValueSpecification\",\"valueRequired\":true,\"valueName\":\"search_term_string\"}}],\"inLanguage\":\"de-CH\"},{\"@type\":\"Organization\",\"@id\":\"https:\\\/\\\/www.previs.ch\\\/#organization\",\"name\":\"Previs Vorsorge\",\"alternateName\":\"Previs\",\"url\":\"https:\\\/\\\/www.previs.ch\\\/\",\"logo\":{\"@type\":\"ImageObject\",\"inLanguage\":\"de-CH\",\"@id\":\"https:\\\/\\\/www.previs.ch\\\/#\\\/schema\\\/logo\\\/image\\\/\",\"url\":\"https:\\\/\\\/www.previs.ch\\\/wp-content\\\/uploads\\\/2024\\\/07\\\/cropped-previs-vorsorge-favicon.png\",\"contentUrl\":\"https:\\\/\\\/www.previs.ch\\\/wp-content\\\/uploads\\\/2024\\\/07\\\/cropped-previs-vorsorge-favicon.png\",\"width\":512,\"height\":512,\"caption\":\"Previs Vorsorge\"},\"image\":{\"@id\":\"https:\\\/\\\/www.previs.ch\\\/#\\\/schema\\\/logo\\\/image\\\/\"},\"sameAs\":[\"https:\\\/\\\/www.linkedin.com\\\/company\\\/previsvorsorge\\\/\"]},{\"@type\":\"Person\",\"@id\":\"https:\\\/\\\/www.previs.ch\\\/#\\\/schema\\\/person\\\/63fa812285f9e73f01a59d58fcac965f\",\"name\":\"nadjapfaffhauser\",\"image\":{\"@type\":\"ImageObject\",\"inLanguage\":\"de-CH\",\"@id\":\"https:\\\/\\\/secure.gravatar.com\\\/avatar\\\/0036c927da3f02f035273f0c67b7e1a69eb1458e9a57ab10944b83a0d8201e37?s=96&d=mm&r=g\",\"url\":\"https:\\\/\\\/secure.gravatar.com\\\/avatar\\\/0036c927da3f02f035273f0c67b7e1a69eb1458e9a57ab10944b83a0d8201e37?s=96&d=mm&r=g\",\"contentUrl\":\"https:\\\/\\\/secure.gravatar.com\\\/avatar\\\/0036c927da3f02f035273f0c67b7e1a69eb1458e9a57ab10944b83a0d8201e37?s=96&d=mm&r=g\",\"caption\":\"nadjapfaffhauser\"},\"url\":\"https:\\\/\\\/www.previs.ch\\\/author\\\/nadjapfaffhauser\\\/\"}]}<\/script>\n<!-- \/ Yoast SEO plugin. -->","yoast_head_json":{"title":"Die Previs zu Gast am \u00abTag der Gemeinden\u00bb an der OLMA | Previs Vorsorge","description":"Bereits zum zweiten Mal fand am 16. Oktober 2025 im Rahmen der OLMA der \u00abTag der Gemeinden\u00bb statt. Die Previs war mit einem Stand vor Ort.","robots":{"index":"index","follow":"follow","max-snippet":"max-snippet:-1","max-image-preview":"max-image-preview:large","max-video-preview":"max-video-preview:-1"},"canonical":"https:\/\/www.previs.ch\/die-previs-zu-gast-am-tag-der-gemeinden-an-der-olma\/","og_locale":"de_DE","og_type":"article","og_title":"Die Previs zu Gast am \u00abTag der Gemeinden\u00bb an der OLMA | Previs Vorsorge","og_description":"Bereits zum zweiten Mal fand am 16. Oktober 2025 im Rahmen der OLMA der \u00abTag der Gemeinden\u00bb statt. Die Previs war mit einem Stand vor Ort.","og_url":"https:\/\/www.previs.ch\/die-previs-zu-gast-am-tag-der-gemeinden-an-der-olma\/","og_site_name":"Previs Vorsorge","article_published_time":"2025-10-16T06:58:07+00:00","article_modified_time":"2025-10-17T07:29:10+00:00","og_image":[{"width":1613,"height":1050,"url":"https:\/\/www.previs.ch\/wp-content\/uploads\/2025\/10\/LInkedIN_Olma_2025-e1760686074406.jpg","type":"image\/jpeg"}],"author":"nadjapfaffhauser","twitter_card":"summary_large_image","twitter_misc":{"Geschrieben von":"nadjapfaffhauser","Gesch\u00e4tzte Lesezeit":"2\u00a0Minuten"},"schema":{"@context":"https:\/\/schema.org","@graph":[{"@type":"Article","@id":"https:\/\/www.previs.ch\/die-previs-zu-gast-am-tag-der-gemeinden-an-der-olma\/#article","isPartOf":{"@id":"https:\/\/www.previs.ch\/die-previs-zu-gast-am-tag-der-gemeinden-an-der-olma\/"},"author":{"name":"nadjapfaffhauser","@id":"https:\/\/www.previs.ch\/#\/schema\/person\/63fa812285f9e73f01a59d58fcac965f"},"headline":"Die Previs zu Gast am \u00abTag der Gemeinden\u00bb an der OLMA","datePublished":"2025-10-16T06:58:07+00:00","dateModified":"2025-10-17T07:29:10+00:00","mainEntityOfPage":{"@id":"https:\/\/www.previs.ch\/die-previs-zu-gast-am-tag-der-gemeinden-an-der-olma\/"},"wordCount":11,"publisher":{"@id":"https:\/\/www.previs.ch\/#organization"},"image":{"@id":"https:\/\/www.previs.ch\/die-previs-zu-gast-am-tag-der-gemeinden-an-der-olma\/#primaryimage"},"thumbnailUrl":"https:\/\/www.previs.ch\/wp-content\/uploads\/2025\/10\/LInkedIN_Olma_2025-e1760686074406.jpg","articleSection":["Vorsorge"],"inLanguage":"de-CH"},{"@type":"WebPage","@id":"https:\/\/www.previs.ch\/die-previs-zu-gast-am-tag-der-gemeinden-an-der-olma\/","url":"https:\/\/www.previs.ch\/die-previs-zu-gast-am-tag-der-gemeinden-an-der-olma\/","name":"Die Previs zu Gast am \u00abTag der Gemeinden\u00bb an der OLMA | Previs Vorsorge","isPartOf":{"@id":"https:\/\/www.previs.ch\/#website"},"primaryImageOfPage":{"@id":"https:\/\/www.previs.ch\/die-previs-zu-gast-am-tag-der-gemeinden-an-der-olma\/#primaryimage"},"image":{"@id":"https:\/\/www.previs.ch\/die-previs-zu-gast-am-tag-der-gemeinden-an-der-olma\/#primaryimage"},"thumbnailUrl":"https:\/\/www.previs.ch\/wp-content\/uploads\/2025\/10\/LInkedIN_Olma_2025-e1760686074406.jpg","datePublished":"2025-10-16T06:58:07+00:00","dateModified":"2025-10-17T07:29:10+00:00","description":"Bereits zum zweiten Mal fand am 16. Oktober 2025 im Rahmen der OLMA der \u00abTag der Gemeinden\u00bb statt. Die Previs war mit einem Stand vor Ort.","breadcrumb":{"@id":"https:\/\/www.previs.ch\/die-previs-zu-gast-am-tag-der-gemeinden-an-der-olma\/#breadcrumb"},"inLanguage":"de-CH","potentialAction":[{"@type":"ReadAction","target":["https:\/\/www.previs.ch\/die-previs-zu-gast-am-tag-der-gemeinden-an-der-olma\/"]}]},{"@type":"ImageObject","inLanguage":"de-CH","@id":"https:\/\/www.previs.ch\/die-previs-zu-gast-am-tag-der-gemeinden-an-der-olma\/#primaryimage","url":"https:\/\/www.previs.ch\/wp-content\/uploads\/2025\/10\/LInkedIN_Olma_2025-e1760686074406.jpg","contentUrl":"https:\/\/www.previs.ch\/wp-content\/uploads\/2025\/10\/LInkedIN_Olma_2025-e1760686074406.jpg","width":1613,"height":1050,"caption":"Unsere Unternehmensberatenden stehen vor dem Stand der Previs."},{"@type":"BreadcrumbList","@id":"https:\/\/www.previs.ch\/die-previs-zu-gast-am-tag-der-gemeinden-an-der-olma\/#breadcrumb","itemListElement":[{"@type":"ListItem","position":1,"name":"Home","item":"https:\/\/www.previs.ch\/"},{"@type":"ListItem","position":2,"name":"Die Previs zu Gast am \u00abTag der Gemeinden\u00bb an der OLMA"}]},{"@type":"WebSite","@id":"https:\/\/www.previs.ch\/#website","url":"https:\/\/www.previs.ch\/","name":"Previs Vorsorge","description":"Wo Transparenz Vertrauen schafft","publisher":{"@id":"https:\/\/www.previs.ch\/#organization"},"alternateName":"Previs","potentialAction":[{"@type":"SearchAction","target":{"@type":"EntryPoint","urlTemplate":"https:\/\/www.previs.ch\/?s={search_term_string}"},"query-input":{"@type":"PropertyValueSpecification","valueRequired":true,"valueName":"search_term_string"}}],"inLanguage":"de-CH"},{"@type":"Organization","@id":"https:\/\/www.previs.ch\/#organization","name":"Previs Vorsorge","alternateName":"Previs","url":"https:\/\/www.previs.ch\/","logo":{"@type":"ImageObject","inLanguage":"de-CH","@id":"https:\/\/www.previs.ch\/#\/schema\/logo\/image\/","url":"https:\/\/www.previs.ch\/wp-content\/uploads\/2024\/07\/cropped-previs-vorsorge-favicon.png","contentUrl":"https:\/\/www.previs.ch\/wp-content\/uploads\/2024\/07\/cropped-previs-vorsorge-favicon.png","width":512,"height":512,"caption":"Previs Vorsorge"},"image":{"@id":"https:\/\/www.previs.ch\/#\/schema\/logo\/image\/"},"sameAs":["https:\/\/www.linkedin.com\/company\/previsvorsorge\/"]},{"@type":"Person","@id":"https:\/\/www.previs.ch\/#\/schema\/person\/63fa812285f9e73f01a59d58fcac965f","name":"nadjapfaffhauser","image":{"@type":"ImageObject","inLanguage":"de-CH","@id":"https:\/\/secure.gravatar.com\/avatar\/0036c927da3f02f035273f0c67b7e1a69eb1458e9a57ab10944b83a0d8201e37?s=96&d=mm&r=g","url":"https:\/\/secure.gravatar.com\/avatar\/0036c927da3f02f035273f0c67b7e1a69eb1458e9a57ab10944b83a0d8201e37?s=96&d=mm&r=g","contentUrl":"https:\/\/secure.gravatar.com\/avatar\/0036c927da3f02f035273f0c67b7e1a69eb1458e9a57ab10944b83a0d8201e37?s=96&d=mm&r=g","caption":"nadjapfaffhauser"},"url":"https:\/\/www.previs.ch\/author\/nadjapfaffhauser\/"}]}},"acf":{"simple_options":{"show_featured_image":false,"bgcolor":"","color_title":"","description":"Bereits zum zweiten Mal fand am 16. Oktober 2025 im Rahmen der OLMA der \u00abTag der Gemeinden\u00bb statt. Die Previs war mit einem Stand vor Ort."},"elements":[{"acf_fc_layout":"element-text","status":false,"group":null,"text_size":"large","text":"Bereits zum zweiten Mal fand am 16. Oktober 2025 im Rahmen der OLMA der \u00abTag der Gemeinden\u00bb statt. Die Previs war mit einem Stand vor Ort."},{"acf_fc_layout":"element-text","status":false,"group":null,"text_size":"normal","text":"Die Vereinigung St. Galler Gemeindepr\u00e4sidentinnen und Gemeindepr\u00e4sidenten (VSGP), der Verband St. Galler Ortsgemeinden und der Schweizerische Gemeindeverband SGV luden bereits zum zweiten Mal s\u00e4mtliche Schweizer Gemeinden und Burgermeinden zum \u00abTag der Gemeinden\u00bb an die OLMA ein. Im Zentrum der Tagung stand die Frage, wie k\u00fcnstliche Intelligenz die Verwaltung ver\u00e4ndert. Gemeinden aus dem Gastkanton Wallis zeigten die aktuellen Entwicklungen anhand konkreter Beispiele auf.\r\n\r\nF\u00fcr die Previs war der Anlass eine interessante Plattform \u2013 denn unter anderem f\u00fcr Gemeinden und gemeindenahe Institutionen und Betriebe bieten wir passende Vorsorgel\u00f6sungen. Mit dem Schweizerischen Gemeindeverband SGV pflegen wir zudem eine langj\u00e4hrige Partnerschaft. Unsere Unternehmensberatenden freuten sich \u00fcber den pers\u00f6nlichen Kontakt mit den Vertreterinnen und Vertretern der Gemeinden und standen gerne f\u00fcr alle Fragen rund um die berufliche Vorsorge zur Verf\u00fcgung."},{"acf_fc_layout":"element-image","status":false,"image":13977,"activate_lightbox":false,"caption":"Catherine Bourget und Aleksandar Spasic beantworteten am Stand der Previs alle Fragen rund um die berufliche Vorsorge."}]},"publishpress_future_action":{"enabled":false,"date":"2026-05-05 13:31:09","action":"change-status","newStatus":"draft","terms":[],"taxonomy":"category","extraData":[]},"publishpress_future_workflow_manual_trigger":{"enabledWorkflows":[]},"_links":{"self":[{"href":"https:\/\/www.previs.ch\/api\/wp\/v2\/posts\/13976","targetHints":{"allow":["GET"]}}],"collection":[{"href":"https:\/\/www.previs.ch\/api\/wp\/v2\/posts"}],"about":[{"href":"https:\/\/www.previs.ch\/api\/wp\/v2\/types\/post"}],"author":[{"embeddable":true,"href":"https:\/\/www.previs.ch\/api\/wp\/v2\/users\/3"}],"replies":[{"embeddable":true,"href":"https:\/\/www.previs.ch\/api\/wp\/v2\/comments?post=13976"}],"version-history":[{"count":2,"href":"https:\/\/www.previs.ch\/api\/wp\/v2\/posts\/13976\/revisions"}],"predecessor-version":[{"id":13986,"href":"https:\/\/www.previs.ch\/api\/wp\/v2\/posts\/13976\/revisions\/13986"}],"wp:featuredmedia":[{"embeddable":true,"href":"https:\/\/www.previs.ch\/api\/wp\/v2\/media\/13977"}],"wp:attachment":[{"href":"https:\/\/www.previs.ch\/api\/wp\/v2\/media?parent=13976"}],"wp:term":[{"taxonomy":"category","embeddable":true,"href":"https:\/\/www.previs.ch\/api\/wp\/v2\/categories?post=13976"},{"taxonomy":"post_tag","embeddable":true,"href":"https:\/\/www.previs.ch\/api\/wp\/v2\/tags?post=13976"}],"curies":[{"name":"wp","href":"https:\/\/api.w.org\/{rel}","templated":true}]}}