{"id":9132,"date":"2024-11-14T18:01:00","date_gmt":"2024-11-14T16:01:00","guid":{"rendered":"https:\/\/www.previs.ch\/?p=9132"},"modified":"2024-11-15T14:44:25","modified_gmt":"2024-11-15T12:44:25","slug":"die-previs-vorsorge-oeffnet-ihre-tueren-vier-jugendliche-tauchen-in-die-berufswelt-ein","status":"publish","type":"post","link":"https:\/\/www.previs.ch\/die-previs-vorsorge-oeffnet-ihre-tueren-vier-jugendliche-tauchen-in-die-berufswelt-ein\/","title":{"rendered":"Die Previs Vorsorge \u00f6ffnet ihre T\u00fcren: Vier Jugendliche tauchen in die Berufswelt ein"},"content":{"rendered":"","protected":false},"excerpt":{"rendered":"","protected":false},"author":3,"featured_media":9142,"comment_status":"closed","ping_status":"closed","sticky":false,"template":"","format":"standard","meta":{"_acf_changed":false,"footnotes":""},"categories":[5,2],"tags":[],"class_list":["post-9132","post","type-post","status-publish","format-standard","has-post-thumbnail","hentry","category-human-resources","category-ueber-uns"],"yoast_head":"<!-- This site is optimized with the Yoast SEO plugin v27.3 - https:\/\/yoast.com\/product\/yoast-seo-wordpress\/ -->\n<title>Die Previs Vorsorge \u00f6ffnet ihre T\u00fcren: Vier Jugendliche tauchen in die Berufswelt ein | Previs Vorsorge<\/title>\n<meta name=\"description\" content=\"Die Previs Vorsorge \u00f6ffnet ihre T\u00fcren: Vier Jugendliche tauchen in die Berufswelt ein.\" \/>\n<meta name=\"robots\" content=\"index, follow, max-snippet:-1, max-image-preview:large, max-video-preview:-1\" \/>\n<link rel=\"canonical\" href=\"https:\/\/www.previs.ch\/die-previs-vorsorge-oeffnet-ihre-tueren-vier-jugendliche-tauchen-in-die-berufswelt-ein\/\" \/>\n<meta property=\"og:locale\" content=\"de_DE\" \/>\n<meta property=\"og:type\" content=\"article\" \/>\n<meta property=\"og:title\" content=\"Die Previs Vorsorge \u00f6ffnet ihre T\u00fcren: Vier Jugendliche tauchen in die Berufswelt ein | Previs Vorsorge\" \/>\n<meta property=\"og:description\" content=\"Die Previs Vorsorge \u00f6ffnet ihre T\u00fcren: Vier Jugendliche tauchen in die Berufswelt ein.\" \/>\n<meta property=\"og:url\" content=\"https:\/\/www.previs.ch\/die-previs-vorsorge-oeffnet-ihre-tueren-vier-jugendliche-tauchen-in-die-berufswelt-ein\/\" \/>\n<meta property=\"og:site_name\" content=\"Previs Vorsorge\" \/>\n<meta property=\"article:published_time\" content=\"2024-11-14T16:01:00+00:00\" \/>\n<meta property=\"article:modified_time\" content=\"2024-11-15T12:44:25+00:00\" \/>\n<meta property=\"og:image\" content=\"https:\/\/www.previs.ch\/wp-content\/uploads\/2024\/11\/Zukunftsta_2024_Header-scaled.jpeg\" \/>\n\t<meta property=\"og:image:width\" content=\"2560\" \/>\n\t<meta property=\"og:image:height\" content=\"1596\" \/>\n\t<meta property=\"og:image:type\" content=\"image\/jpeg\" \/>\n<meta name=\"author\" content=\"nadjapfaffhauser\" \/>\n<meta name=\"twitter:card\" content=\"summary_large_image\" \/>\n<meta name=\"twitter:label1\" content=\"Geschrieben von\" \/>\n\t<meta name=\"twitter:data1\" content=\"nadjapfaffhauser\" \/>\n\t<meta name=\"twitter:label2\" content=\"Gesch\u00e4tzte Lesezeit\" \/>\n\t<meta name=\"twitter:data2\" content=\"3\u00a0Minuten\" \/>\n<script type=\"application\/ld+json\" class=\"yoast-schema-graph\">{\"@context\":\"https:\\\/\\\/schema.org\",\"@graph\":[{\"@type\":\"Article\",\"@id\":\"https:\\\/\\\/www.previs.ch\\\/die-previs-vorsorge-oeffnet-ihre-tueren-vier-jugendliche-tauchen-in-die-berufswelt-ein\\\/#article\",\"isPartOf\":{\"@id\":\"https:\\\/\\\/www.previs.ch\\\/die-previs-vorsorge-oeffnet-ihre-tueren-vier-jugendliche-tauchen-in-die-berufswelt-ein\\\/\"},\"author\":{\"name\":\"nadjapfaffhauser\",\"@id\":\"https:\\\/\\\/www.previs.ch\\\/#\\\/schema\\\/person\\\/63fa812285f9e73f01a59d58fcac965f\"},\"headline\":\"Die Previs Vorsorge \u00f6ffnet ihre T\u00fcren: Vier Jugendliche tauchen in die Berufswelt ein\",\"datePublished\":\"2024-11-14T16:01:00+00:00\",\"dateModified\":\"2024-11-15T12:44:25+00:00\",\"mainEntityOfPage\":{\"@id\":\"https:\\\/\\\/www.previs.ch\\\/die-previs-vorsorge-oeffnet-ihre-tueren-vier-jugendliche-tauchen-in-die-berufswelt-ein\\\/\"},\"wordCount\":14,\"publisher\":{\"@id\":\"https:\\\/\\\/www.previs.ch\\\/#organization\"},\"image\":{\"@id\":\"https:\\\/\\\/www.previs.ch\\\/die-previs-vorsorge-oeffnet-ihre-tueren-vier-jugendliche-tauchen-in-die-berufswelt-ein\\\/#primaryimage\"},\"thumbnailUrl\":\"https:\\\/\\\/www.previs.ch\\\/wp-content\\\/uploads\\\/2024\\\/11\\\/Zukunftsta_2024_Header-scaled.jpeg\",\"articleSection\":[\"Human Resources\",\"\u00dcber uns\"],\"inLanguage\":\"de-CH\"},{\"@type\":\"WebPage\",\"@id\":\"https:\\\/\\\/www.previs.ch\\\/die-previs-vorsorge-oeffnet-ihre-tueren-vier-jugendliche-tauchen-in-die-berufswelt-ein\\\/\",\"url\":\"https:\\\/\\\/www.previs.ch\\\/die-previs-vorsorge-oeffnet-ihre-tueren-vier-jugendliche-tauchen-in-die-berufswelt-ein\\\/\",\"name\":\"Die Previs Vorsorge \u00f6ffnet ihre T\u00fcren: Vier Jugendliche tauchen in die Berufswelt ein | Previs Vorsorge\",\"isPartOf\":{\"@id\":\"https:\\\/\\\/www.previs.ch\\\/#website\"},\"primaryImageOfPage\":{\"@id\":\"https:\\\/\\\/www.previs.ch\\\/die-previs-vorsorge-oeffnet-ihre-tueren-vier-jugendliche-tauchen-in-die-berufswelt-ein\\\/#primaryimage\"},\"image\":{\"@id\":\"https:\\\/\\\/www.previs.ch\\\/die-previs-vorsorge-oeffnet-ihre-tueren-vier-jugendliche-tauchen-in-die-berufswelt-ein\\\/#primaryimage\"},\"thumbnailUrl\":\"https:\\\/\\\/www.previs.ch\\\/wp-content\\\/uploads\\\/2024\\\/11\\\/Zukunftsta_2024_Header-scaled.jpeg\",\"datePublished\":\"2024-11-14T16:01:00+00:00\",\"dateModified\":\"2024-11-15T12:44:25+00:00\",\"description\":\"Die Previs Vorsorge \u00f6ffnet ihre T\u00fcren: Vier Jugendliche tauchen in die Berufswelt ein.\",\"breadcrumb\":{\"@id\":\"https:\\\/\\\/www.previs.ch\\\/die-previs-vorsorge-oeffnet-ihre-tueren-vier-jugendliche-tauchen-in-die-berufswelt-ein\\\/#breadcrumb\"},\"inLanguage\":\"de-CH\",\"potentialAction\":[{\"@type\":\"ReadAction\",\"target\":[\"https:\\\/\\\/www.previs.ch\\\/die-previs-vorsorge-oeffnet-ihre-tueren-vier-jugendliche-tauchen-in-die-berufswelt-ein\\\/\"]}]},{\"@type\":\"ImageObject\",\"inLanguage\":\"de-CH\",\"@id\":\"https:\\\/\\\/www.previs.ch\\\/die-previs-vorsorge-oeffnet-ihre-tueren-vier-jugendliche-tauchen-in-die-berufswelt-ein\\\/#primaryimage\",\"url\":\"https:\\\/\\\/www.previs.ch\\\/wp-content\\\/uploads\\\/2024\\\/11\\\/Zukunftsta_2024_Header-scaled.jpeg\",\"contentUrl\":\"https:\\\/\\\/www.previs.ch\\\/wp-content\\\/uploads\\\/2024\\\/11\\\/Zukunftsta_2024_Header-scaled.jpeg\",\"width\":2560,\"height\":1596,\"caption\":\"Sch\u00fclerinnen und Sch\u00fcler auf der Baustelle.\"},{\"@type\":\"BreadcrumbList\",\"@id\":\"https:\\\/\\\/www.previs.ch\\\/die-previs-vorsorge-oeffnet-ihre-tueren-vier-jugendliche-tauchen-in-die-berufswelt-ein\\\/#breadcrumb\",\"itemListElement\":[{\"@type\":\"ListItem\",\"position\":1,\"name\":\"Home\",\"item\":\"https:\\\/\\\/www.previs.ch\\\/\"},{\"@type\":\"ListItem\",\"position\":2,\"name\":\"Die Previs Vorsorge \u00f6ffnet ihre T\u00fcren: Vier Jugendliche tauchen in die Berufswelt ein\"}]},{\"@type\":\"WebSite\",\"@id\":\"https:\\\/\\\/www.previs.ch\\\/#website\",\"url\":\"https:\\\/\\\/www.previs.ch\\\/\",\"name\":\"Previs Vorsorge\",\"description\":\"Wo Transparenz Vertrauen schafft\",\"publisher\":{\"@id\":\"https:\\\/\\\/www.previs.ch\\\/#organization\"},\"alternateName\":\"Previs\",\"potentialAction\":[{\"@type\":\"SearchAction\",\"target\":{\"@type\":\"EntryPoint\",\"urlTemplate\":\"https:\\\/\\\/www.previs.ch\\\/?s={search_term_string}\"},\"query-input\":{\"@type\":\"PropertyValueSpecification\",\"valueRequired\":true,\"valueName\":\"search_term_string\"}}],\"inLanguage\":\"de-CH\"},{\"@type\":\"Organization\",\"@id\":\"https:\\\/\\\/www.previs.ch\\\/#organization\",\"name\":\"Previs Vorsorge\",\"alternateName\":\"Previs\",\"url\":\"https:\\\/\\\/www.previs.ch\\\/\",\"logo\":{\"@type\":\"ImageObject\",\"inLanguage\":\"de-CH\",\"@id\":\"https:\\\/\\\/www.previs.ch\\\/#\\\/schema\\\/logo\\\/image\\\/\",\"url\":\"https:\\\/\\\/www.previs.ch\\\/wp-content\\\/uploads\\\/2024\\\/07\\\/cropped-previs-vorsorge-favicon.png\",\"contentUrl\":\"https:\\\/\\\/www.previs.ch\\\/wp-content\\\/uploads\\\/2024\\\/07\\\/cropped-previs-vorsorge-favicon.png\",\"width\":512,\"height\":512,\"caption\":\"Previs Vorsorge\"},\"image\":{\"@id\":\"https:\\\/\\\/www.previs.ch\\\/#\\\/schema\\\/logo\\\/image\\\/\"},\"sameAs\":[\"https:\\\/\\\/www.linkedin.com\\\/company\\\/previsvorsorge\\\/\"]},{\"@type\":\"Person\",\"@id\":\"https:\\\/\\\/www.previs.ch\\\/#\\\/schema\\\/person\\\/63fa812285f9e73f01a59d58fcac965f\",\"name\":\"nadjapfaffhauser\",\"image\":{\"@type\":\"ImageObject\",\"inLanguage\":\"de-CH\",\"@id\":\"https:\\\/\\\/secure.gravatar.com\\\/avatar\\\/0036c927da3f02f035273f0c67b7e1a69eb1458e9a57ab10944b83a0d8201e37?s=96&d=mm&r=g\",\"url\":\"https:\\\/\\\/secure.gravatar.com\\\/avatar\\\/0036c927da3f02f035273f0c67b7e1a69eb1458e9a57ab10944b83a0d8201e37?s=96&d=mm&r=g\",\"contentUrl\":\"https:\\\/\\\/secure.gravatar.com\\\/avatar\\\/0036c927da3f02f035273f0c67b7e1a69eb1458e9a57ab10944b83a0d8201e37?s=96&d=mm&r=g\",\"caption\":\"nadjapfaffhauser\"},\"url\":\"https:\\\/\\\/www.previs.ch\\\/author\\\/nadjapfaffhauser\\\/\"}]}<\/script>\n<!-- \/ Yoast SEO plugin. -->","yoast_head_json":{"title":"Die Previs Vorsorge \u00f6ffnet ihre T\u00fcren: Vier Jugendliche tauchen in die Berufswelt ein | Previs Vorsorge","description":"Die Previs Vorsorge \u00f6ffnet ihre T\u00fcren: Vier Jugendliche tauchen in die Berufswelt ein.","robots":{"index":"index","follow":"follow","max-snippet":"max-snippet:-1","max-image-preview":"max-image-preview:large","max-video-preview":"max-video-preview:-1"},"canonical":"https:\/\/www.previs.ch\/die-previs-vorsorge-oeffnet-ihre-tueren-vier-jugendliche-tauchen-in-die-berufswelt-ein\/","og_locale":"de_DE","og_type":"article","og_title":"Die Previs Vorsorge \u00f6ffnet ihre T\u00fcren: Vier Jugendliche tauchen in die Berufswelt ein | Previs Vorsorge","og_description":"Die Previs Vorsorge \u00f6ffnet ihre T\u00fcren: Vier Jugendliche tauchen in die Berufswelt ein.","og_url":"https:\/\/www.previs.ch\/die-previs-vorsorge-oeffnet-ihre-tueren-vier-jugendliche-tauchen-in-die-berufswelt-ein\/","og_site_name":"Previs Vorsorge","article_published_time":"2024-11-14T16:01:00+00:00","article_modified_time":"2024-11-15T12:44:25+00:00","og_image":[{"width":2560,"height":1596,"url":"https:\/\/www.previs.ch\/wp-content\/uploads\/2024\/11\/Zukunftsta_2024_Header-scaled.jpeg","type":"image\/jpeg"}],"author":"nadjapfaffhauser","twitter_card":"summary_large_image","twitter_misc":{"Geschrieben von":"nadjapfaffhauser","Gesch\u00e4tzte Lesezeit":"3\u00a0Minuten"},"schema":{"@context":"https:\/\/schema.org","@graph":[{"@type":"Article","@id":"https:\/\/www.previs.ch\/die-previs-vorsorge-oeffnet-ihre-tueren-vier-jugendliche-tauchen-in-die-berufswelt-ein\/#article","isPartOf":{"@id":"https:\/\/www.previs.ch\/die-previs-vorsorge-oeffnet-ihre-tueren-vier-jugendliche-tauchen-in-die-berufswelt-ein\/"},"author":{"name":"nadjapfaffhauser","@id":"https:\/\/www.previs.ch\/#\/schema\/person\/63fa812285f9e73f01a59d58fcac965f"},"headline":"Die Previs Vorsorge \u00f6ffnet ihre T\u00fcren: Vier Jugendliche tauchen in die Berufswelt ein","datePublished":"2024-11-14T16:01:00+00:00","dateModified":"2024-11-15T12:44:25+00:00","mainEntityOfPage":{"@id":"https:\/\/www.previs.ch\/die-previs-vorsorge-oeffnet-ihre-tueren-vier-jugendliche-tauchen-in-die-berufswelt-ein\/"},"wordCount":14,"publisher":{"@id":"https:\/\/www.previs.ch\/#organization"},"image":{"@id":"https:\/\/www.previs.ch\/die-previs-vorsorge-oeffnet-ihre-tueren-vier-jugendliche-tauchen-in-die-berufswelt-ein\/#primaryimage"},"thumbnailUrl":"https:\/\/www.previs.ch\/wp-content\/uploads\/2024\/11\/Zukunftsta_2024_Header-scaled.jpeg","articleSection":["Human Resources","\u00dcber uns"],"inLanguage":"de-CH"},{"@type":"WebPage","@id":"https:\/\/www.previs.ch\/die-previs-vorsorge-oeffnet-ihre-tueren-vier-jugendliche-tauchen-in-die-berufswelt-ein\/","url":"https:\/\/www.previs.ch\/die-previs-vorsorge-oeffnet-ihre-tueren-vier-jugendliche-tauchen-in-die-berufswelt-ein\/","name":"Die Previs Vorsorge \u00f6ffnet ihre T\u00fcren: Vier Jugendliche tauchen in die Berufswelt ein | Previs Vorsorge","isPartOf":{"@id":"https:\/\/www.previs.ch\/#website"},"primaryImageOfPage":{"@id":"https:\/\/www.previs.ch\/die-previs-vorsorge-oeffnet-ihre-tueren-vier-jugendliche-tauchen-in-die-berufswelt-ein\/#primaryimage"},"image":{"@id":"https:\/\/www.previs.ch\/die-previs-vorsorge-oeffnet-ihre-tueren-vier-jugendliche-tauchen-in-die-berufswelt-ein\/#primaryimage"},"thumbnailUrl":"https:\/\/www.previs.ch\/wp-content\/uploads\/2024\/11\/Zukunftsta_2024_Header-scaled.jpeg","datePublished":"2024-11-14T16:01:00+00:00","dateModified":"2024-11-15T12:44:25+00:00","description":"Die Previs Vorsorge \u00f6ffnet ihre T\u00fcren: Vier Jugendliche tauchen in die Berufswelt ein.","breadcrumb":{"@id":"https:\/\/www.previs.ch\/die-previs-vorsorge-oeffnet-ihre-tueren-vier-jugendliche-tauchen-in-die-berufswelt-ein\/#breadcrumb"},"inLanguage":"de-CH","potentialAction":[{"@type":"ReadAction","target":["https:\/\/www.previs.ch\/die-previs-vorsorge-oeffnet-ihre-tueren-vier-jugendliche-tauchen-in-die-berufswelt-ein\/"]}]},{"@type":"ImageObject","inLanguage":"de-CH","@id":"https:\/\/www.previs.ch\/die-previs-vorsorge-oeffnet-ihre-tueren-vier-jugendliche-tauchen-in-die-berufswelt-ein\/#primaryimage","url":"https:\/\/www.previs.ch\/wp-content\/uploads\/2024\/11\/Zukunftsta_2024_Header-scaled.jpeg","contentUrl":"https:\/\/www.previs.ch\/wp-content\/uploads\/2024\/11\/Zukunftsta_2024_Header-scaled.jpeg","width":2560,"height":1596,"caption":"Sch\u00fclerinnen und Sch\u00fcler auf der Baustelle."},{"@type":"BreadcrumbList","@id":"https:\/\/www.previs.ch\/die-previs-vorsorge-oeffnet-ihre-tueren-vier-jugendliche-tauchen-in-die-berufswelt-ein\/#breadcrumb","itemListElement":[{"@type":"ListItem","position":1,"name":"Home","item":"https:\/\/www.previs.ch\/"},{"@type":"ListItem","position":2,"name":"Die Previs Vorsorge \u00f6ffnet ihre T\u00fcren: Vier Jugendliche tauchen in die Berufswelt ein"}]},{"@type":"WebSite","@id":"https:\/\/www.previs.ch\/#website","url":"https:\/\/www.previs.ch\/","name":"Previs Vorsorge","description":"Wo Transparenz Vertrauen schafft","publisher":{"@id":"https:\/\/www.previs.ch\/#organization"},"alternateName":"Previs","potentialAction":[{"@type":"SearchAction","target":{"@type":"EntryPoint","urlTemplate":"https:\/\/www.previs.ch\/?s={search_term_string}"},"query-input":{"@type":"PropertyValueSpecification","valueRequired":true,"valueName":"search_term_string"}}],"inLanguage":"de-CH"},{"@type":"Organization","@id":"https:\/\/www.previs.ch\/#organization","name":"Previs Vorsorge","alternateName":"Previs","url":"https:\/\/www.previs.ch\/","logo":{"@type":"ImageObject","inLanguage":"de-CH","@id":"https:\/\/www.previs.ch\/#\/schema\/logo\/image\/","url":"https:\/\/www.previs.ch\/wp-content\/uploads\/2024\/07\/cropped-previs-vorsorge-favicon.png","contentUrl":"https:\/\/www.previs.ch\/wp-content\/uploads\/2024\/07\/cropped-previs-vorsorge-favicon.png","width":512,"height":512,"caption":"Previs Vorsorge"},"image":{"@id":"https:\/\/www.previs.ch\/#\/schema\/logo\/image\/"},"sameAs":["https:\/\/www.linkedin.com\/company\/previsvorsorge\/"]},{"@type":"Person","@id":"https:\/\/www.previs.ch\/#\/schema\/person\/63fa812285f9e73f01a59d58fcac965f","name":"nadjapfaffhauser","image":{"@type":"ImageObject","inLanguage":"de-CH","@id":"https:\/\/secure.gravatar.com\/avatar\/0036c927da3f02f035273f0c67b7e1a69eb1458e9a57ab10944b83a0d8201e37?s=96&d=mm&r=g","url":"https:\/\/secure.gravatar.com\/avatar\/0036c927da3f02f035273f0c67b7e1a69eb1458e9a57ab10944b83a0d8201e37?s=96&d=mm&r=g","contentUrl":"https:\/\/secure.gravatar.com\/avatar\/0036c927da3f02f035273f0c67b7e1a69eb1458e9a57ab10944b83a0d8201e37?s=96&d=mm&r=g","caption":"nadjapfaffhauser"},"url":"https:\/\/www.previs.ch\/author\/nadjapfaffhauser\/"}]}},"acf":{"simple_options":{"show_featured_image":true,"bgcolor":"","color_title":"","description":"Am 14. November erhielten Alessia, Alina, Dean und Kayla, anl\u00e4sslich des nationalen Zukunftstags, spannende Einblicke in die verschiedenen Bereiche der Previs Vorsorge. Mit Freude blicken wir auf diesen Tag zur\u00fcck."},"elements":[{"acf_fc_layout":"element-text","status":false,"group":null,"text_size":"large","text":"Am 14. November erhielten Alessia, Alina, Dean und Kayla, anl\u00e4sslich des nationalen Zukunftstags, spannende Einblicke in die verschiedenen Bereiche der Previs Vorsorge. Mit Freude blicken wir auf diesen Tag zur\u00fcck."},{"acf_fc_layout":"element-text","status":false,"group":null,"text_size":"normal","text":"Jugendliche ab der 5. Klasse d\u00fcrfen am Zukunftstag in den Berufsalltag hineinschnuppern. Jedes Jahr begr\u00fcsst die Previs interessierte Jugendliche \u2013 denn als Ausbildungsbetrieb f\u00fcr Kaufleute EFZ und Fachleute Betriebsunterhalt EFZ sind wir daran interessiert, junge Menschen f\u00fcr die Arbeit in einer Vorsorgeeinrichtung zu begeistern. Geplant und umgesetzt wird der Zukunftstag von den Lernenden der Previs. \u00abDen Jugendlichen unseren Arbeitsalltag n\u00e4herzubringen und den Zukunftstag gemeinsam mit den anderen Lernenden zu organisieren, macht mir besonders viel Freude\u00bb, erz\u00e4hlt Annika B\u00e4rtschi, Lernende Kauffrau im 2. Ausbildungsjahr.\r\n\r\nDie Lernenden begleiteten die Sch\u00fclerinnen und Sch\u00fcler durch den Tag. Sie erkl\u00e4rten die Funktionsweise einer Pensionskasse und zeigten die Organisation der Previs als Unternehmen auf. Zudem wurde die Ausbildung zur Kauffrau\/Kaufmann und zur Fachfrau\/Fachmann Betriebsunterhalt in einer kurzen Pr\u00e4sentation vorgestellt. Die Jugendlichen durften dann einer Mitarbeiterin oder einem Mitarbeiter der Abteilungen Immobilienbewirtschaftung, Vorsorge, Finanzen und Kunden &amp; Kommunikation \u00fcber die Schulter schauen und erhielten so einen Einblick in die T\u00e4tigkeiten der verschiedenen Abteilungen. Besonders spannend war der Baustellenbesuch am Nachmittag. \u00abWir begleiteten Igor Di Zio an den Blankweg in Ostermundigen und erfuhren dort viel \u00fcber den Beruf Projektleiter Immobilien und \u00fcber die verschiedenen Arbeiten rund um eine Liegenschaft\u00bb, berichtet Annika."},{"acf_fc_layout":"element-quote","status":false,"quote":"F\u00fcr mich war es der erste Einblick in den Berufsalltag als Kauffrau. Nach dem Besuch bei der Previs Vorsorge kann ich mir jetzt viel besser vorstellen, was eine Pensionskasse macht und was der Beruf alles beinhaltet, sagt Alina. "},{"acf_fc_layout":"element-text","status":false,"group":null,"text_size":"normal","text":"F\u00fcr eine lockere Stimmung sorgte das Online-Quiz \u00abKahoot\u00bb. Die Jugendlichen konnten dabei das angeeignete Wissen \u00fcber die Previs und die vorgestellten Lehrberufe testen und durften sich am Ende \u00fcber kleine Preise freuen. Gelegenheit f\u00fcr den pers\u00f6nlichen Austausch bot der Pizza-Plausch am Mittag. Die Sch\u00fclerinnen und Sch\u00fcler erz\u00e4hlten aus ihrem Alltag und schilderten ihre Zukunftspl\u00e4ne."},{"acf_fc_layout":"element-image-carousel","status":false,"group":"","activate_lightbox":false,"slides":[{"image":9136,"caption":"Gelegenheit f\u00fcr den pers\u00f6nlichen Austausch bot der Pizza-Plausch am Mittag."},{"image":9139,"caption":"Besonders spannend war der Baustellenbesuch am Nachmittag."}]},{"acf_fc_layout":"element-title","status":false,"title":"Ausbildung bei der Previs ","title_type":"h4"},{"acf_fc_layout":"element-text","status":false,"group":null,"text_size":"normal","text":"Per Sommer 2025 ist die Lehrstelle als Fachfrau\/Fachmann Betriebsunterhalt EFZ noch frei. Der Ausbildungsplatz eignet sich f\u00fcr praktisch veranlagte Jugendliche, die sich gerne im Freien bewegen und einen abwechslungsreichen Alltag in einem motivierten Team erleben wollen. Je einen Ausbildungsplatz als Kauffrau\/Kaufmann EFZ in den Pr\u00fcfungsbranchen Dienstleistung und Administration sowie Immobilien besetzen wir per Sommer 2026."},{"acf_fc_layout":"element-buttons","status":false,"buttons":[{"text":"Ausbildung bei Previs","type":"internal","style":"link","link":663,"anchor":"","url":""}]},{"acf_fc_layout":"element-text","status":false,"group":null,"text_size":"normal","text":"Unsere zuk\u00fcnftigen Auszubildenden lernen wir gerne pers\u00f6nlich kennen. Darum d\u00fcrfen Jugendliche, die aktuell die 8. oder 9. Klasse besuchen, sich bei uns f\u00fcr Schnuppertage bewerben.\r\nKontakt: Sarah Feller, Fachspezialistin Human Resources | Berufsbildnerin, <a href=\"tel:+41319630304\">031 963 03 04<\/a>, <a href=\"mailto:sarah.feller@previs.ch\">sarah.feller@previs.ch<\/a>\r\n\r\n<em>\r\nText und Bilder: Annika B\u00e4rtschi, Lernende Kauffrau im 2. Lehrjahr<\/em>"}]},"publishpress_future_action":{"enabled":false,"date":"2026-05-08 22:23:10","action":"change-status","newStatus":"draft","terms":[],"taxonomy":"category","extraData":[]},"publishpress_future_workflow_manual_trigger":{"enabledWorkflows":[]},"_links":{"self":[{"href":"https:\/\/www.previs.ch\/api\/wp\/v2\/posts\/9132","targetHints":{"allow":["GET"]}}],"collection":[{"href":"https:\/\/www.previs.ch\/api\/wp\/v2\/posts"}],"about":[{"href":"https:\/\/www.previs.ch\/api\/wp\/v2\/types\/post"}],"author":[{"embeddable":true,"href":"https:\/\/www.previs.ch\/api\/wp\/v2\/users\/3"}],"replies":[{"embeddable":true,"href":"https:\/\/www.previs.ch\/api\/wp\/v2\/comments?post=9132"}],"version-history":[{"count":5,"href":"https:\/\/www.previs.ch\/api\/wp\/v2\/posts\/9132\/revisions"}],"predecessor-version":[{"id":9146,"href":"https:\/\/www.previs.ch\/api\/wp\/v2\/posts\/9132\/revisions\/9146"}],"wp:featuredmedia":[{"embeddable":true,"href":"https:\/\/www.previs.ch\/api\/wp\/v2\/media\/9142"}],"wp:attachment":[{"href":"https:\/\/www.previs.ch\/api\/wp\/v2\/media?parent=9132"}],"wp:term":[{"taxonomy":"category","embeddable":true,"href":"https:\/\/www.previs.ch\/api\/wp\/v2\/categories?post=9132"},{"taxonomy":"post_tag","embeddable":true,"href":"https:\/\/www.previs.ch\/api\/wp\/v2\/tags?post=9132"}],"curies":[{"name":"wp","href":"https:\/\/api.w.org\/{rel}","templated":true}]}}