{"id":13041,"date":"2025-06-30T11:30:06","date_gmt":"2025-06-30T09:30:06","guid":{"rendered":"https:\/\/www.previs.ch\/?p=13041"},"modified":"2025-06-30T11:33:55","modified_gmt":"2025-06-30T09:33:55","slug":"du-changement-au-conseil-de-fondation","status":"publish","type":"post","link":"https:\/\/www.previs.ch\/fr\/du-changement-au-conseil-de-fondation\/","title":{"rendered":"Du changement au Conseil de fondation"},"content":{"rendered":"","protected":false},"excerpt":{"rendered":"","protected":false},"author":3,"featured_media":3924,"comment_status":"closed","ping_status":"closed","sticky":false,"template":"","format":"standard","meta":{"_acf_changed":false,"footnotes":""},"categories":[63],"tags":[],"class_list":["post-13041","post","type-post","status-publish","format-standard","has-post-thumbnail","hentry","category-a-propos-de-nous"],"yoast_head":"<!-- This site is optimized with the Yoast SEO plugin v27.3 - https:\/\/yoast.com\/product\/yoast-seo-wordpress\/ -->\n<title>Du changement au Conseil de fondation | Previs Vorsorge<\/title>\n<meta name=\"description\" content=\"Le 30 juin 2025, cinq membres du Conseil de fondation quitteront leurs fonctions, soit en raison de choix de carri\u00e8re personnels, soit pour r\u00e9pondre aux exigences de l\u2019Autorit\u00e9 de surveillance.\" \/>\n<meta name=\"robots\" content=\"index, follow, max-snippet:-1, max-image-preview:large, max-video-preview:-1\" \/>\n<link rel=\"canonical\" href=\"https:\/\/www.previs.ch\/fr\/du-changement-au-conseil-de-fondation\/\" \/>\n<meta property=\"og:locale\" content=\"fr_FR\" \/>\n<meta property=\"og:type\" content=\"article\" \/>\n<meta property=\"og:title\" content=\"Du changement au Conseil de fondation | Previs Vorsorge\" \/>\n<meta property=\"og:description\" content=\"Le 30 juin 2025, cinq membres du Conseil de fondation quitteront leurs fonctions, soit en raison de choix de carri\u00e8re personnels, soit pour r\u00e9pondre aux exigences de l\u2019Autorit\u00e9 de surveillance.\" \/>\n<meta property=\"og:url\" content=\"https:\/\/www.previs.ch\/fr\/du-changement-au-conseil-de-fondation\/\" \/>\n<meta property=\"og:site_name\" content=\"Previs Vorsorge\" \/>\n<meta property=\"article:published_time\" content=\"2025-06-30T09:30:06+00:00\" \/>\n<meta property=\"article:modified_time\" content=\"2025-06-30T09:33:55+00:00\" \/>\n<meta property=\"og:image\" content=\"https:\/\/www.previs.ch\/wp-content\/uploads\/2024\/09\/placeholder-herz.png\" \/>\n\t<meta property=\"og:image:width\" content=\"784\" \/>\n\t<meta property=\"og:image:height\" content=\"522\" \/>\n\t<meta property=\"og:image:type\" content=\"image\/png\" \/>\n<meta name=\"author\" content=\"nadjapfaffhauser\" \/>\n<meta name=\"twitter:card\" content=\"summary_large_image\" \/>\n<meta name=\"twitter:label1\" content=\"\u00c9crit par\" \/>\n\t<meta name=\"twitter:data1\" content=\"nadjapfaffhauser\" \/>\n\t<meta name=\"twitter:label2\" content=\"Dur\u00e9e de lecture estim\u00e9e\" \/>\n\t<meta name=\"twitter:data2\" content=\"2 minutes\" \/>\n<script type=\"application\/ld+json\" class=\"yoast-schema-graph\">{\"@context\":\"https:\\\/\\\/schema.org\",\"@graph\":[{\"@type\":\"Article\",\"@id\":\"https:\\\/\\\/www.previs.ch\\\/fr\\\/du-changement-au-conseil-de-fondation\\\/#article\",\"isPartOf\":{\"@id\":\"https:\\\/\\\/www.previs.ch\\\/fr\\\/du-changement-au-conseil-de-fondation\\\/\"},\"author\":{\"name\":\"nadjapfaffhauser\",\"@id\":\"https:\\\/\\\/www.previs.ch\\\/fr\\\/#\\\/schema\\\/person\\\/63fa812285f9e73f01a59d58fcac965f\"},\"headline\":\"Du changement au Conseil de fondation\",\"datePublished\":\"2025-06-30T09:30:06+00:00\",\"dateModified\":\"2025-06-30T09:33:55+00:00\",\"mainEntityOfPage\":{\"@id\":\"https:\\\/\\\/www.previs.ch\\\/fr\\\/du-changement-au-conseil-de-fondation\\\/\"},\"wordCount\":6,\"publisher\":{\"@id\":\"https:\\\/\\\/www.previs.ch\\\/fr\\\/#organization\"},\"image\":{\"@id\":\"https:\\\/\\\/www.previs.ch\\\/fr\\\/du-changement-au-conseil-de-fondation\\\/#primaryimage\"},\"thumbnailUrl\":\"https:\\\/\\\/www.previs.ch\\\/wp-content\\\/uploads\\\/2024\\\/09\\\/placeholder-herz.png\",\"articleSection\":[\"A propos de nous\"],\"inLanguage\":\"fr-FR\"},{\"@type\":\"WebPage\",\"@id\":\"https:\\\/\\\/www.previs.ch\\\/fr\\\/du-changement-au-conseil-de-fondation\\\/\",\"url\":\"https:\\\/\\\/www.previs.ch\\\/fr\\\/du-changement-au-conseil-de-fondation\\\/\",\"name\":\"Du changement au Conseil de fondation | Previs Vorsorge\",\"isPartOf\":{\"@id\":\"https:\\\/\\\/www.previs.ch\\\/fr\\\/#website\"},\"primaryImageOfPage\":{\"@id\":\"https:\\\/\\\/www.previs.ch\\\/fr\\\/du-changement-au-conseil-de-fondation\\\/#primaryimage\"},\"image\":{\"@id\":\"https:\\\/\\\/www.previs.ch\\\/fr\\\/du-changement-au-conseil-de-fondation\\\/#primaryimage\"},\"thumbnailUrl\":\"https:\\\/\\\/www.previs.ch\\\/wp-content\\\/uploads\\\/2024\\\/09\\\/placeholder-herz.png\",\"datePublished\":\"2025-06-30T09:30:06+00:00\",\"dateModified\":\"2025-06-30T09:33:55+00:00\",\"description\":\"Le 30 juin 2025, cinq membres du Conseil de fondation quitteront leurs fonctions, soit en raison de choix de carri\u00e8re personnels, soit pour r\u00e9pondre aux exigences de l\u2019Autorit\u00e9 de surveillance.\",\"breadcrumb\":{\"@id\":\"https:\\\/\\\/www.previs.ch\\\/fr\\\/du-changement-au-conseil-de-fondation\\\/#breadcrumb\"},\"inLanguage\":\"fr-FR\",\"potentialAction\":[{\"@type\":\"ReadAction\",\"target\":[\"https:\\\/\\\/www.previs.ch\\\/fr\\\/du-changement-au-conseil-de-fondation\\\/\"]}]},{\"@type\":\"ImageObject\",\"inLanguage\":\"fr-FR\",\"@id\":\"https:\\\/\\\/www.previs.ch\\\/fr\\\/du-changement-au-conseil-de-fondation\\\/#primaryimage\",\"url\":\"https:\\\/\\\/www.previs.ch\\\/wp-content\\\/uploads\\\/2024\\\/09\\\/placeholder-herz.png\",\"contentUrl\":\"https:\\\/\\\/www.previs.ch\\\/wp-content\\\/uploads\\\/2024\\\/09\\\/placeholder-herz.png\",\"width\":784,\"height\":522,\"caption\":\"Espace_r\u00e9serv\u00e9_C\u0153ur\"},{\"@type\":\"BreadcrumbList\",\"@id\":\"https:\\\/\\\/www.previs.ch\\\/fr\\\/du-changement-au-conseil-de-fondation\\\/#breadcrumb\",\"itemListElement\":[{\"@type\":\"ListItem\",\"position\":1,\"name\":\"Home\",\"item\":\"https:\\\/\\\/www.previs.ch\\\/fr\\\/\"},{\"@type\":\"ListItem\",\"position\":2,\"name\":\"Du changement au Conseil de fondation\"}]},{\"@type\":\"WebSite\",\"@id\":\"https:\\\/\\\/www.previs.ch\\\/fr\\\/#website\",\"url\":\"https:\\\/\\\/www.previs.ch\\\/fr\\\/\",\"name\":\"Previs Vorsorge\",\"description\":\"Quand la transparence est source de confiance\",\"publisher\":{\"@id\":\"https:\\\/\\\/www.previs.ch\\\/fr\\\/#organization\"},\"alternateName\":\"Previs\",\"potentialAction\":[{\"@type\":\"SearchAction\",\"target\":{\"@type\":\"EntryPoint\",\"urlTemplate\":\"https:\\\/\\\/www.previs.ch\\\/fr\\\/?s={search_term_string}\"},\"query-input\":{\"@type\":\"PropertyValueSpecification\",\"valueRequired\":true,\"valueName\":\"search_term_string\"}}],\"inLanguage\":\"fr-FR\"},{\"@type\":\"Organization\",\"@id\":\"https:\\\/\\\/www.previs.ch\\\/fr\\\/#organization\",\"name\":\"Previs Vorsorge\",\"alternateName\":\"Previs\",\"url\":\"https:\\\/\\\/www.previs.ch\\\/fr\\\/\",\"logo\":{\"@type\":\"ImageObject\",\"inLanguage\":\"fr-FR\",\"@id\":\"https:\\\/\\\/www.previs.ch\\\/fr\\\/#\\\/schema\\\/logo\\\/image\\\/\",\"url\":\"https:\\\/\\\/www.previs.ch\\\/wp-content\\\/uploads\\\/2024\\\/07\\\/cropped-previs-vorsorge-favicon.png\",\"contentUrl\":\"https:\\\/\\\/www.previs.ch\\\/wp-content\\\/uploads\\\/2024\\\/07\\\/cropped-previs-vorsorge-favicon.png\",\"width\":512,\"height\":512,\"caption\":\"Previs Vorsorge\"},\"image\":{\"@id\":\"https:\\\/\\\/www.previs.ch\\\/fr\\\/#\\\/schema\\\/logo\\\/image\\\/\"},\"sameAs\":[\"https:\\\/\\\/www.linkedin.com\\\/company\\\/previsvorsorge\\\/\"]},{\"@type\":\"Person\",\"@id\":\"https:\\\/\\\/www.previs.ch\\\/fr\\\/#\\\/schema\\\/person\\\/63fa812285f9e73f01a59d58fcac965f\",\"name\":\"nadjapfaffhauser\",\"image\":{\"@type\":\"ImageObject\",\"inLanguage\":\"fr-FR\",\"@id\":\"https:\\\/\\\/secure.gravatar.com\\\/avatar\\\/0036c927da3f02f035273f0c67b7e1a69eb1458e9a57ab10944b83a0d8201e37?s=96&d=mm&r=g\",\"url\":\"https:\\\/\\\/secure.gravatar.com\\\/avatar\\\/0036c927da3f02f035273f0c67b7e1a69eb1458e9a57ab10944b83a0d8201e37?s=96&d=mm&r=g\",\"contentUrl\":\"https:\\\/\\\/secure.gravatar.com\\\/avatar\\\/0036c927da3f02f035273f0c67b7e1a69eb1458e9a57ab10944b83a0d8201e37?s=96&d=mm&r=g\",\"caption\":\"nadjapfaffhauser\"},\"url\":\"https:\\\/\\\/www.previs.ch\\\/fr\\\/author\\\/nadjapfaffhauser\\\/\"}]}<\/script>\n<!-- \/ Yoast SEO plugin. -->","yoast_head_json":{"title":"Du changement au Conseil de fondation | Previs Vorsorge","description":"Le 30 juin 2025, cinq membres du Conseil de fondation quitteront leurs fonctions, soit en raison de choix de carri\u00e8re personnels, soit pour r\u00e9pondre aux exigences de l\u2019Autorit\u00e9 de surveillance.","robots":{"index":"index","follow":"follow","max-snippet":"max-snippet:-1","max-image-preview":"max-image-preview:large","max-video-preview":"max-video-preview:-1"},"canonical":"https:\/\/www.previs.ch\/fr\/du-changement-au-conseil-de-fondation\/","og_locale":"fr_FR","og_type":"article","og_title":"Du changement au Conseil de fondation | Previs Vorsorge","og_description":"Le 30 juin 2025, cinq membres du Conseil de fondation quitteront leurs fonctions, soit en raison de choix de carri\u00e8re personnels, soit pour r\u00e9pondre aux exigences de l\u2019Autorit\u00e9 de surveillance.","og_url":"https:\/\/www.previs.ch\/fr\/du-changement-au-conseil-de-fondation\/","og_site_name":"Previs Vorsorge","article_published_time":"2025-06-30T09:30:06+00:00","article_modified_time":"2025-06-30T09:33:55+00:00","og_image":[{"width":784,"height":522,"url":"https:\/\/www.previs.ch\/wp-content\/uploads\/2024\/09\/placeholder-herz.png","type":"image\/png"}],"author":"nadjapfaffhauser","twitter_card":"summary_large_image","twitter_misc":{"\u00c9crit par":"nadjapfaffhauser","Dur\u00e9e de lecture estim\u00e9e":"2 minutes"},"schema":{"@context":"https:\/\/schema.org","@graph":[{"@type":"Article","@id":"https:\/\/www.previs.ch\/fr\/du-changement-au-conseil-de-fondation\/#article","isPartOf":{"@id":"https:\/\/www.previs.ch\/fr\/du-changement-au-conseil-de-fondation\/"},"author":{"name":"nadjapfaffhauser","@id":"https:\/\/www.previs.ch\/fr\/#\/schema\/person\/63fa812285f9e73f01a59d58fcac965f"},"headline":"Du changement au Conseil de fondation","datePublished":"2025-06-30T09:30:06+00:00","dateModified":"2025-06-30T09:33:55+00:00","mainEntityOfPage":{"@id":"https:\/\/www.previs.ch\/fr\/du-changement-au-conseil-de-fondation\/"},"wordCount":6,"publisher":{"@id":"https:\/\/www.previs.ch\/fr\/#organization"},"image":{"@id":"https:\/\/www.previs.ch\/fr\/du-changement-au-conseil-de-fondation\/#primaryimage"},"thumbnailUrl":"https:\/\/www.previs.ch\/wp-content\/uploads\/2024\/09\/placeholder-herz.png","articleSection":["A propos de nous"],"inLanguage":"fr-FR"},{"@type":"WebPage","@id":"https:\/\/www.previs.ch\/fr\/du-changement-au-conseil-de-fondation\/","url":"https:\/\/www.previs.ch\/fr\/du-changement-au-conseil-de-fondation\/","name":"Du changement au Conseil de fondation | Previs Vorsorge","isPartOf":{"@id":"https:\/\/www.previs.ch\/fr\/#website"},"primaryImageOfPage":{"@id":"https:\/\/www.previs.ch\/fr\/du-changement-au-conseil-de-fondation\/#primaryimage"},"image":{"@id":"https:\/\/www.previs.ch\/fr\/du-changement-au-conseil-de-fondation\/#primaryimage"},"thumbnailUrl":"https:\/\/www.previs.ch\/wp-content\/uploads\/2024\/09\/placeholder-herz.png","datePublished":"2025-06-30T09:30:06+00:00","dateModified":"2025-06-30T09:33:55+00:00","description":"Le 30 juin 2025, cinq membres du Conseil de fondation quitteront leurs fonctions, soit en raison de choix de carri\u00e8re personnels, soit pour r\u00e9pondre aux exigences de l\u2019Autorit\u00e9 de surveillance.","breadcrumb":{"@id":"https:\/\/www.previs.ch\/fr\/du-changement-au-conseil-de-fondation\/#breadcrumb"},"inLanguage":"fr-FR","potentialAction":[{"@type":"ReadAction","target":["https:\/\/www.previs.ch\/fr\/du-changement-au-conseil-de-fondation\/"]}]},{"@type":"ImageObject","inLanguage":"fr-FR","@id":"https:\/\/www.previs.ch\/fr\/du-changement-au-conseil-de-fondation\/#primaryimage","url":"https:\/\/www.previs.ch\/wp-content\/uploads\/2024\/09\/placeholder-herz.png","contentUrl":"https:\/\/www.previs.ch\/wp-content\/uploads\/2024\/09\/placeholder-herz.png","width":784,"height":522,"caption":"Espace_r\u00e9serv\u00e9_C\u0153ur"},{"@type":"BreadcrumbList","@id":"https:\/\/www.previs.ch\/fr\/du-changement-au-conseil-de-fondation\/#breadcrumb","itemListElement":[{"@type":"ListItem","position":1,"name":"Home","item":"https:\/\/www.previs.ch\/fr\/"},{"@type":"ListItem","position":2,"name":"Du changement au Conseil de fondation"}]},{"@type":"WebSite","@id":"https:\/\/www.previs.ch\/fr\/#website","url":"https:\/\/www.previs.ch\/fr\/","name":"Previs Vorsorge","description":"Quand la transparence est source de confiance","publisher":{"@id":"https:\/\/www.previs.ch\/fr\/#organization"},"alternateName":"Previs","potentialAction":[{"@type":"SearchAction","target":{"@type":"EntryPoint","urlTemplate":"https:\/\/www.previs.ch\/fr\/?s={search_term_string}"},"query-input":{"@type":"PropertyValueSpecification","valueRequired":true,"valueName":"search_term_string"}}],"inLanguage":"fr-FR"},{"@type":"Organization","@id":"https:\/\/www.previs.ch\/fr\/#organization","name":"Previs Vorsorge","alternateName":"Previs","url":"https:\/\/www.previs.ch\/fr\/","logo":{"@type":"ImageObject","inLanguage":"fr-FR","@id":"https:\/\/www.previs.ch\/fr\/#\/schema\/logo\/image\/","url":"https:\/\/www.previs.ch\/wp-content\/uploads\/2024\/07\/cropped-previs-vorsorge-favicon.png","contentUrl":"https:\/\/www.previs.ch\/wp-content\/uploads\/2024\/07\/cropped-previs-vorsorge-favicon.png","width":512,"height":512,"caption":"Previs Vorsorge"},"image":{"@id":"https:\/\/www.previs.ch\/fr\/#\/schema\/logo\/image\/"},"sameAs":["https:\/\/www.linkedin.com\/company\/previsvorsorge\/"]},{"@type":"Person","@id":"https:\/\/www.previs.ch\/fr\/#\/schema\/person\/63fa812285f9e73f01a59d58fcac965f","name":"nadjapfaffhauser","image":{"@type":"ImageObject","inLanguage":"fr-FR","@id":"https:\/\/secure.gravatar.com\/avatar\/0036c927da3f02f035273f0c67b7e1a69eb1458e9a57ab10944b83a0d8201e37?s=96&d=mm&r=g","url":"https:\/\/secure.gravatar.com\/avatar\/0036c927da3f02f035273f0c67b7e1a69eb1458e9a57ab10944b83a0d8201e37?s=96&d=mm&r=g","contentUrl":"https:\/\/secure.gravatar.com\/avatar\/0036c927da3f02f035273f0c67b7e1a69eb1458e9a57ab10944b83a0d8201e37?s=96&d=mm&r=g","caption":"nadjapfaffhauser"},"url":"https:\/\/www.previs.ch\/fr\/author\/nadjapfaffhauser\/"}]}},"acf":{"simple_options":{"show_featured_image":false,"bgcolor":"","color_title":"","description":"Le 30 juin 2025, cinq membres du Conseil de fondation quitteront leurs fonctions, soit en raison de choix de carri\u00e8re personnels, soit pour r\u00e9pondre aux exigences de l\u2019Autorit\u00e9 de surveillance."},"elements":[{"acf_fc_layout":"element-text","status":false,"group":null,"text_size":"normal","text":"Le 30 juin 2025, cinq membres du Conseil de fondation quitteront leurs fonctions, soit en raison de choix de carri\u00e8re personnels, soit pour r\u00e9pondre aux exigences de l\u2019Autorit\u00e9 de surveillance:\r\n\r\n<strong>Alfred Amrein<\/strong>, repr\u00e9sentant des employeurs\/euses et pr\u00e9sident du comit\u00e9 de placements, qui si\u00e8ge au Conseil de fondation depuis 2012, <strong>J\u00fcrg Th\u00f6ni<\/strong>, repr\u00e9sentant des employ\u00e9-e-s depuis 2012, <strong>Matthias B\u00fctikofer<\/strong>, repr\u00e9sentant des employeurs\/euses depuis 2014, <strong>Irene Minder Ruch<\/strong>, repr\u00e9sentante des employ\u00e9-e-s, et <strong>Susanne Graf<\/strong>, repr\u00e9sentante des employeurs\/euses, toutes deux entr\u00e9es au Conseil en 2020.\r\n\r\nPrevis Pr\u00e9voyance remercie chaleureusement les cinq membres sortant-e-s pour leur engagement au service de la fondation, des personnes assur\u00e9es, des b\u00e9n\u00e9ficiaires de rentes et des affiliations. Ils\/elles ont su diriger la barque de la Previs avec clairvoyance et comp\u00e9tence par temps calme comme par temps orageux. Nous leur souhaitons \u00e0 toutes et tous le meilleur pour la suite.\r\n\r\nAfin d\u2019assurer leur succession \u00e0 partir du 1er juillet 2025, l\u2019Assembl\u00e9e des d\u00e9l\u00e9gu\u00e9-e-s a \u00e9lu:\r\n\r\n<strong>Christina B\u00fchrer-Keller, Monika Sauter, Rolf Seiler<\/strong> et <strong>Michael Wyss<\/strong> pour repr\u00e9senter les employ\u00e9-e-s, et <strong>Urs Kappeler<\/strong> pour repr\u00e9senter les employeurs\/euses.\r\n\r\nPrevis Pr\u00e9voyance leur souhaite plein succ\u00e8s et \u00e9panouissement dans leurs nouvelles fonctions et les remercie de leur volont\u00e9 de participer \u00e0 la cause de notre institution de pr\u00e9voyance."}]},"publishpress_future_action":{"enabled":false,"date":"2026-05-07 02:36:06","action":"change-status","newStatus":"draft","terms":[],"taxonomy":"category","extraData":[]},"publishpress_future_workflow_manual_trigger":{"enabledWorkflows":[]},"_links":{"self":[{"href":"https:\/\/www.previs.ch\/fr\/api\/wp\/v2\/posts\/13041","targetHints":{"allow":["GET"]}}],"collection":[{"href":"https:\/\/www.previs.ch\/fr\/api\/wp\/v2\/posts"}],"about":[{"href":"https:\/\/www.previs.ch\/fr\/api\/wp\/v2\/types\/post"}],"author":[{"embeddable":true,"href":"https:\/\/www.previs.ch\/fr\/api\/wp\/v2\/users\/3"}],"replies":[{"embeddable":true,"href":"https:\/\/www.previs.ch\/fr\/api\/wp\/v2\/comments?post=13041"}],"version-history":[{"count":3,"href":"https:\/\/www.previs.ch\/fr\/api\/wp\/v2\/posts\/13041\/revisions"}],"predecessor-version":[{"id":13178,"href":"https:\/\/www.previs.ch\/fr\/api\/wp\/v2\/posts\/13041\/revisions\/13178"}],"wp:featuredmedia":[{"embeddable":true,"href":"https:\/\/www.previs.ch\/fr\/api\/wp\/v2\/media\/3924"}],"wp:attachment":[{"href":"https:\/\/www.previs.ch\/fr\/api\/wp\/v2\/media?parent=13041"}],"wp:term":[{"taxonomy":"category","embeddable":true,"href":"https:\/\/www.previs.ch\/fr\/api\/wp\/v2\/categories?post=13041"},{"taxonomy":"post_tag","embeddable":true,"href":"https:\/\/www.previs.ch\/fr\/api\/wp\/v2\/tags?post=13041"}],"curies":[{"name":"wp","href":"https:\/\/api.w.org\/{rel}","templated":true}]}}