{"id":13981,"date":"2025-10-16T08:58:07","date_gmt":"2025-10-16T06:58:07","guid":{"rendered":"https:\/\/www.previs.ch\/?p=13981"},"modified":"2025-10-17T09:04:46","modified_gmt":"2025-10-17T07:04:46","slug":"la-previs-en-visite-a-la-journee-des-communes-a-lolma","status":"publish","type":"post","link":"https:\/\/www.previs.ch\/fr\/la-previs-en-visite-a-la-journee-des-communes-a-lolma\/","title":{"rendered":"La Previs en visite \u00e0 la \u00abJourn\u00e9e des communes\u00bb \u00e0 l&rsquo;OLMA"},"content":{"rendered":"","protected":false},"excerpt":{"rendered":"","protected":false},"author":3,"featured_media":13978,"comment_status":"closed","ping_status":"closed","sticky":false,"template":"","format":"standard","meta":{"_acf_changed":false,"footnotes":""},"categories":[59],"tags":[],"class_list":["post-13981","post","type-post","status-publish","format-standard","has-post-thumbnail","hentry","category-prevoyance"],"yoast_head":"<!-- This site is optimized with the Yoast SEO plugin v27.3 - https:\/\/yoast.com\/product\/yoast-seo-wordpress\/ -->\n<title>La Previs en visite \u00e0 la \u00abJourn\u00e9e des communes\u00bb \u00e0 l&#039;OLMA | Previs Vorsorge<\/title>\n<meta name=\"description\" content=\"Pour la deuxi\u00e8me fois d\u00e9j\u00e0, la \u00abJourn\u00e9e des communes\u00bb s&#039;est d\u00e9roul\u00e9e le 16 octobre 2025 dans le cadre de l&#039;OLMA. La Previs \u00e9tait pr\u00e9sente avec un stand.\" \/>\n<meta name=\"robots\" content=\"index, follow, max-snippet:-1, max-image-preview:large, max-video-preview:-1\" \/>\n<link rel=\"canonical\" href=\"https:\/\/www.previs.ch\/fr\/la-previs-en-visite-a-la-journee-des-communes-a-lolma\/\" \/>\n<meta property=\"og:locale\" content=\"fr_FR\" \/>\n<meta property=\"og:type\" content=\"article\" \/>\n<meta property=\"og:title\" content=\"La Previs en visite \u00e0 la \u00abJourn\u00e9e des communes\u00bb \u00e0 l&#039;OLMA | Previs Vorsorge\" \/>\n<meta property=\"og:description\" content=\"Pour la deuxi\u00e8me fois d\u00e9j\u00e0, la \u00abJourn\u00e9e des communes\u00bb s&#039;est d\u00e9roul\u00e9e le 16 octobre 2025 dans le cadre de l&#039;OLMA. La Previs \u00e9tait pr\u00e9sente avec un stand.\" \/>\n<meta property=\"og:url\" content=\"https:\/\/www.previs.ch\/fr\/la-previs-en-visite-a-la-journee-des-communes-a-lolma\/\" \/>\n<meta property=\"og:site_name\" content=\"Previs Vorsorge\" \/>\n<meta property=\"article:published_time\" content=\"2025-10-16T06:58:07+00:00\" \/>\n<meta property=\"article:modified_time\" content=\"2025-10-17T07:04:46+00:00\" \/>\n<meta property=\"og:image\" content=\"https:\/\/www.previs.ch\/wp-content\/uploads\/2025\/10\/LInkedIN_Olma_2025.jpg\" \/>\n\t<meta property=\"og:image:width\" content=\"1779\" \/>\n\t<meta property=\"og:image:height\" content=\"1144\" \/>\n\t<meta property=\"og:image:type\" content=\"image\/jpeg\" \/>\n<meta name=\"author\" content=\"nadjapfaffhauser\" \/>\n<meta name=\"twitter:card\" content=\"summary_large_image\" \/>\n<meta name=\"twitter:label1\" content=\"\u00c9crit par\" \/>\n\t<meta name=\"twitter:data1\" content=\"nadjapfaffhauser\" \/>\n\t<meta name=\"twitter:label2\" content=\"Dur\u00e9e de lecture estim\u00e9e\" \/>\n\t<meta name=\"twitter:data2\" content=\"2 minutes\" \/>\n<script type=\"application\/ld+json\" class=\"yoast-schema-graph\">{\"@context\":\"https:\\\/\\\/schema.org\",\"@graph\":[{\"@type\":\"Article\",\"@id\":\"https:\\\/\\\/www.previs.ch\\\/fr\\\/la-previs-en-visite-a-la-journee-des-communes-a-lolma\\\/#article\",\"isPartOf\":{\"@id\":\"https:\\\/\\\/www.previs.ch\\\/fr\\\/la-previs-en-visite-a-la-journee-des-communes-a-lolma\\\/\"},\"author\":{\"name\":\"nadjapfaffhauser\",\"@id\":\"https:\\\/\\\/www.previs.ch\\\/fr\\\/#\\\/schema\\\/person\\\/63fa812285f9e73f01a59d58fcac965f\"},\"headline\":\"La Previs en visite \u00e0 la \u00abJourn\u00e9e des communes\u00bb \u00e0 l&rsquo;OLMA\",\"datePublished\":\"2025-10-16T06:58:07+00:00\",\"dateModified\":\"2025-10-17T07:04:46+00:00\",\"mainEntityOfPage\":{\"@id\":\"https:\\\/\\\/www.previs.ch\\\/fr\\\/la-previs-en-visite-a-la-journee-des-communes-a-lolma\\\/\"},\"wordCount\":11,\"publisher\":{\"@id\":\"https:\\\/\\\/www.previs.ch\\\/fr\\\/#organization\"},\"image\":{\"@id\":\"https:\\\/\\\/www.previs.ch\\\/fr\\\/la-previs-en-visite-a-la-journee-des-communes-a-lolma\\\/#primaryimage\"},\"thumbnailUrl\":\"https:\\\/\\\/www.previs.ch\\\/wp-content\\\/uploads\\\/2025\\\/10\\\/LInkedIN_Olma_2025-e1760686074406.jpg\",\"articleSection\":[\"Pr\u00e9voyance\"],\"inLanguage\":\"fr-FR\"},{\"@type\":\"WebPage\",\"@id\":\"https:\\\/\\\/www.previs.ch\\\/fr\\\/la-previs-en-visite-a-la-journee-des-communes-a-lolma\\\/\",\"url\":\"https:\\\/\\\/www.previs.ch\\\/fr\\\/la-previs-en-visite-a-la-journee-des-communes-a-lolma\\\/\",\"name\":\"La Previs en visite \u00e0 la \u00abJourn\u00e9e des communes\u00bb \u00e0 l'OLMA | Previs Vorsorge\",\"isPartOf\":{\"@id\":\"https:\\\/\\\/www.previs.ch\\\/fr\\\/#website\"},\"primaryImageOfPage\":{\"@id\":\"https:\\\/\\\/www.previs.ch\\\/fr\\\/la-previs-en-visite-a-la-journee-des-communes-a-lolma\\\/#primaryimage\"},\"image\":{\"@id\":\"https:\\\/\\\/www.previs.ch\\\/fr\\\/la-previs-en-visite-a-la-journee-des-communes-a-lolma\\\/#primaryimage\"},\"thumbnailUrl\":\"https:\\\/\\\/www.previs.ch\\\/wp-content\\\/uploads\\\/2025\\\/10\\\/LInkedIN_Olma_2025-e1760686074406.jpg\",\"datePublished\":\"2025-10-16T06:58:07+00:00\",\"dateModified\":\"2025-10-17T07:04:46+00:00\",\"description\":\"Pour la deuxi\u00e8me fois d\u00e9j\u00e0, la \u00abJourn\u00e9e des communes\u00bb s'est d\u00e9roul\u00e9e le 16 octobre 2025 dans le cadre de l'OLMA. La Previs \u00e9tait pr\u00e9sente avec un stand.\",\"breadcrumb\":{\"@id\":\"https:\\\/\\\/www.previs.ch\\\/fr\\\/la-previs-en-visite-a-la-journee-des-communes-a-lolma\\\/#breadcrumb\"},\"inLanguage\":\"fr-FR\",\"potentialAction\":[{\"@type\":\"ReadAction\",\"target\":[\"https:\\\/\\\/www.previs.ch\\\/fr\\\/la-previs-en-visite-a-la-journee-des-communes-a-lolma\\\/\"]}]},{\"@type\":\"ImageObject\",\"inLanguage\":\"fr-FR\",\"@id\":\"https:\\\/\\\/www.previs.ch\\\/fr\\\/la-previs-en-visite-a-la-journee-des-communes-a-lolma\\\/#primaryimage\",\"url\":\"https:\\\/\\\/www.previs.ch\\\/wp-content\\\/uploads\\\/2025\\\/10\\\/LInkedIN_Olma_2025-e1760686074406.jpg\",\"contentUrl\":\"https:\\\/\\\/www.previs.ch\\\/wp-content\\\/uploads\\\/2025\\\/10\\\/LInkedIN_Olma_2025-e1760686074406.jpg\",\"width\":1779,\"height\":1144,\"caption\":\"Unsere Unternehmensberatenden stehen vor dem Stand der Previs.\"},{\"@type\":\"BreadcrumbList\",\"@id\":\"https:\\\/\\\/www.previs.ch\\\/fr\\\/la-previs-en-visite-a-la-journee-des-communes-a-lolma\\\/#breadcrumb\",\"itemListElement\":[{\"@type\":\"ListItem\",\"position\":1,\"name\":\"Home\",\"item\":\"https:\\\/\\\/www.previs.ch\\\/fr\\\/\"},{\"@type\":\"ListItem\",\"position\":2,\"name\":\"La Previs en visite \u00e0 la \u00abJourn\u00e9e des communes\u00bb \u00e0 l&#8217;OLMA\"}]},{\"@type\":\"WebSite\",\"@id\":\"https:\\\/\\\/www.previs.ch\\\/fr\\\/#website\",\"url\":\"https:\\\/\\\/www.previs.ch\\\/fr\\\/\",\"name\":\"Previs Vorsorge\",\"description\":\"Quand la transparence est source de confiance\",\"publisher\":{\"@id\":\"https:\\\/\\\/www.previs.ch\\\/fr\\\/#organization\"},\"alternateName\":\"Previs\",\"potentialAction\":[{\"@type\":\"SearchAction\",\"target\":{\"@type\":\"EntryPoint\",\"urlTemplate\":\"https:\\\/\\\/www.previs.ch\\\/fr\\\/?s={search_term_string}\"},\"query-input\":{\"@type\":\"PropertyValueSpecification\",\"valueRequired\":true,\"valueName\":\"search_term_string\"}}],\"inLanguage\":\"fr-FR\"},{\"@type\":\"Organization\",\"@id\":\"https:\\\/\\\/www.previs.ch\\\/fr\\\/#organization\",\"name\":\"Previs Vorsorge\",\"alternateName\":\"Previs\",\"url\":\"https:\\\/\\\/www.previs.ch\\\/fr\\\/\",\"logo\":{\"@type\":\"ImageObject\",\"inLanguage\":\"fr-FR\",\"@id\":\"https:\\\/\\\/www.previs.ch\\\/fr\\\/#\\\/schema\\\/logo\\\/image\\\/\",\"url\":\"https:\\\/\\\/www.previs.ch\\\/wp-content\\\/uploads\\\/2024\\\/07\\\/cropped-previs-vorsorge-favicon.png\",\"contentUrl\":\"https:\\\/\\\/www.previs.ch\\\/wp-content\\\/uploads\\\/2024\\\/07\\\/cropped-previs-vorsorge-favicon.png\",\"width\":512,\"height\":512,\"caption\":\"Previs Vorsorge\"},\"image\":{\"@id\":\"https:\\\/\\\/www.previs.ch\\\/fr\\\/#\\\/schema\\\/logo\\\/image\\\/\"},\"sameAs\":[\"https:\\\/\\\/www.linkedin.com\\\/company\\\/previsvorsorge\\\/\"]},{\"@type\":\"Person\",\"@id\":\"https:\\\/\\\/www.previs.ch\\\/fr\\\/#\\\/schema\\\/person\\\/63fa812285f9e73f01a59d58fcac965f\",\"name\":\"nadjapfaffhauser\",\"image\":{\"@type\":\"ImageObject\",\"inLanguage\":\"fr-FR\",\"@id\":\"https:\\\/\\\/secure.gravatar.com\\\/avatar\\\/0036c927da3f02f035273f0c67b7e1a69eb1458e9a57ab10944b83a0d8201e37?s=96&d=mm&r=g\",\"url\":\"https:\\\/\\\/secure.gravatar.com\\\/avatar\\\/0036c927da3f02f035273f0c67b7e1a69eb1458e9a57ab10944b83a0d8201e37?s=96&d=mm&r=g\",\"contentUrl\":\"https:\\\/\\\/secure.gravatar.com\\\/avatar\\\/0036c927da3f02f035273f0c67b7e1a69eb1458e9a57ab10944b83a0d8201e37?s=96&d=mm&r=g\",\"caption\":\"nadjapfaffhauser\"},\"url\":\"https:\\\/\\\/www.previs.ch\\\/fr\\\/author\\\/nadjapfaffhauser\\\/\"}]}<\/script>\n<!-- \/ Yoast SEO plugin. -->","yoast_head_json":{"title":"La Previs en visite \u00e0 la \u00abJourn\u00e9e des communes\u00bb \u00e0 l'OLMA | Previs Vorsorge","description":"Pour la deuxi\u00e8me fois d\u00e9j\u00e0, la \u00abJourn\u00e9e des communes\u00bb s'est d\u00e9roul\u00e9e le 16 octobre 2025 dans le cadre de l'OLMA. La Previs \u00e9tait pr\u00e9sente avec un stand.","robots":{"index":"index","follow":"follow","max-snippet":"max-snippet:-1","max-image-preview":"max-image-preview:large","max-video-preview":"max-video-preview:-1"},"canonical":"https:\/\/www.previs.ch\/fr\/la-previs-en-visite-a-la-journee-des-communes-a-lolma\/","og_locale":"fr_FR","og_type":"article","og_title":"La Previs en visite \u00e0 la \u00abJourn\u00e9e des communes\u00bb \u00e0 l'OLMA | Previs Vorsorge","og_description":"Pour la deuxi\u00e8me fois d\u00e9j\u00e0, la \u00abJourn\u00e9e des communes\u00bb s'est d\u00e9roul\u00e9e le 16 octobre 2025 dans le cadre de l'OLMA. La Previs \u00e9tait pr\u00e9sente avec un stand.","og_url":"https:\/\/www.previs.ch\/fr\/la-previs-en-visite-a-la-journee-des-communes-a-lolma\/","og_site_name":"Previs Vorsorge","article_published_time":"2025-10-16T06:58:07+00:00","article_modified_time":"2025-10-17T07:04:46+00:00","og_image":[{"width":1779,"height":1144,"url":"https:\/\/www.previs.ch\/wp-content\/uploads\/2025\/10\/LInkedIN_Olma_2025.jpg","type":"image\/jpeg"}],"author":"nadjapfaffhauser","twitter_card":"summary_large_image","twitter_misc":{"\u00c9crit par":"nadjapfaffhauser","Dur\u00e9e de lecture estim\u00e9e":"2 minutes"},"schema":{"@context":"https:\/\/schema.org","@graph":[{"@type":"Article","@id":"https:\/\/www.previs.ch\/fr\/la-previs-en-visite-a-la-journee-des-communes-a-lolma\/#article","isPartOf":{"@id":"https:\/\/www.previs.ch\/fr\/la-previs-en-visite-a-la-journee-des-communes-a-lolma\/"},"author":{"name":"nadjapfaffhauser","@id":"https:\/\/www.previs.ch\/fr\/#\/schema\/person\/63fa812285f9e73f01a59d58fcac965f"},"headline":"La Previs en visite \u00e0 la \u00abJourn\u00e9e des communes\u00bb \u00e0 l&rsquo;OLMA","datePublished":"2025-10-16T06:58:07+00:00","dateModified":"2025-10-17T07:04:46+00:00","mainEntityOfPage":{"@id":"https:\/\/www.previs.ch\/fr\/la-previs-en-visite-a-la-journee-des-communes-a-lolma\/"},"wordCount":11,"publisher":{"@id":"https:\/\/www.previs.ch\/fr\/#organization"},"image":{"@id":"https:\/\/www.previs.ch\/fr\/la-previs-en-visite-a-la-journee-des-communes-a-lolma\/#primaryimage"},"thumbnailUrl":"https:\/\/www.previs.ch\/wp-content\/uploads\/2025\/10\/LInkedIN_Olma_2025-e1760686074406.jpg","articleSection":["Pr\u00e9voyance"],"inLanguage":"fr-FR"},{"@type":"WebPage","@id":"https:\/\/www.previs.ch\/fr\/la-previs-en-visite-a-la-journee-des-communes-a-lolma\/","url":"https:\/\/www.previs.ch\/fr\/la-previs-en-visite-a-la-journee-des-communes-a-lolma\/","name":"La Previs en visite \u00e0 la \u00abJourn\u00e9e des communes\u00bb \u00e0 l'OLMA | Previs Vorsorge","isPartOf":{"@id":"https:\/\/www.previs.ch\/fr\/#website"},"primaryImageOfPage":{"@id":"https:\/\/www.previs.ch\/fr\/la-previs-en-visite-a-la-journee-des-communes-a-lolma\/#primaryimage"},"image":{"@id":"https:\/\/www.previs.ch\/fr\/la-previs-en-visite-a-la-journee-des-communes-a-lolma\/#primaryimage"},"thumbnailUrl":"https:\/\/www.previs.ch\/wp-content\/uploads\/2025\/10\/LInkedIN_Olma_2025-e1760686074406.jpg","datePublished":"2025-10-16T06:58:07+00:00","dateModified":"2025-10-17T07:04:46+00:00","description":"Pour la deuxi\u00e8me fois d\u00e9j\u00e0, la \u00abJourn\u00e9e des communes\u00bb s'est d\u00e9roul\u00e9e le 16 octobre 2025 dans le cadre de l'OLMA. La Previs \u00e9tait pr\u00e9sente avec un stand.","breadcrumb":{"@id":"https:\/\/www.previs.ch\/fr\/la-previs-en-visite-a-la-journee-des-communes-a-lolma\/#breadcrumb"},"inLanguage":"fr-FR","potentialAction":[{"@type":"ReadAction","target":["https:\/\/www.previs.ch\/fr\/la-previs-en-visite-a-la-journee-des-communes-a-lolma\/"]}]},{"@type":"ImageObject","inLanguage":"fr-FR","@id":"https:\/\/www.previs.ch\/fr\/la-previs-en-visite-a-la-journee-des-communes-a-lolma\/#primaryimage","url":"https:\/\/www.previs.ch\/wp-content\/uploads\/2025\/10\/LInkedIN_Olma_2025-e1760686074406.jpg","contentUrl":"https:\/\/www.previs.ch\/wp-content\/uploads\/2025\/10\/LInkedIN_Olma_2025-e1760686074406.jpg","width":1779,"height":1144,"caption":"Unsere Unternehmensberatenden stehen vor dem Stand der Previs."},{"@type":"BreadcrumbList","@id":"https:\/\/www.previs.ch\/fr\/la-previs-en-visite-a-la-journee-des-communes-a-lolma\/#breadcrumb","itemListElement":[{"@type":"ListItem","position":1,"name":"Home","item":"https:\/\/www.previs.ch\/fr\/"},{"@type":"ListItem","position":2,"name":"La Previs en visite \u00e0 la \u00abJourn\u00e9e des communes\u00bb \u00e0 l&#8217;OLMA"}]},{"@type":"WebSite","@id":"https:\/\/www.previs.ch\/fr\/#website","url":"https:\/\/www.previs.ch\/fr\/","name":"Previs Vorsorge","description":"Quand la transparence est source de confiance","publisher":{"@id":"https:\/\/www.previs.ch\/fr\/#organization"},"alternateName":"Previs","potentialAction":[{"@type":"SearchAction","target":{"@type":"EntryPoint","urlTemplate":"https:\/\/www.previs.ch\/fr\/?s={search_term_string}"},"query-input":{"@type":"PropertyValueSpecification","valueRequired":true,"valueName":"search_term_string"}}],"inLanguage":"fr-FR"},{"@type":"Organization","@id":"https:\/\/www.previs.ch\/fr\/#organization","name":"Previs Vorsorge","alternateName":"Previs","url":"https:\/\/www.previs.ch\/fr\/","logo":{"@type":"ImageObject","inLanguage":"fr-FR","@id":"https:\/\/www.previs.ch\/fr\/#\/schema\/logo\/image\/","url":"https:\/\/www.previs.ch\/wp-content\/uploads\/2024\/07\/cropped-previs-vorsorge-favicon.png","contentUrl":"https:\/\/www.previs.ch\/wp-content\/uploads\/2024\/07\/cropped-previs-vorsorge-favicon.png","width":512,"height":512,"caption":"Previs Vorsorge"},"image":{"@id":"https:\/\/www.previs.ch\/fr\/#\/schema\/logo\/image\/"},"sameAs":["https:\/\/www.linkedin.com\/company\/previsvorsorge\/"]},{"@type":"Person","@id":"https:\/\/www.previs.ch\/fr\/#\/schema\/person\/63fa812285f9e73f01a59d58fcac965f","name":"nadjapfaffhauser","image":{"@type":"ImageObject","inLanguage":"fr-FR","@id":"https:\/\/secure.gravatar.com\/avatar\/0036c927da3f02f035273f0c67b7e1a69eb1458e9a57ab10944b83a0d8201e37?s=96&d=mm&r=g","url":"https:\/\/secure.gravatar.com\/avatar\/0036c927da3f02f035273f0c67b7e1a69eb1458e9a57ab10944b83a0d8201e37?s=96&d=mm&r=g","contentUrl":"https:\/\/secure.gravatar.com\/avatar\/0036c927da3f02f035273f0c67b7e1a69eb1458e9a57ab10944b83a0d8201e37?s=96&d=mm&r=g","caption":"nadjapfaffhauser"},"url":"https:\/\/www.previs.ch\/fr\/author\/nadjapfaffhauser\/"}]}},"acf":{"simple_options":{"show_featured_image":false,"bgcolor":"","color_title":"","description":"Pour la deuxi\u00e8me fois d\u00e9j\u00e0, la \u00abJourn\u00e9e des communes\u00bb s'est d\u00e9roul\u00e9e le 16 octobre 2025 dans le cadre de l'OLMA. La Previs \u00e9tait pr\u00e9sente avec un stand."},"elements":[{"acf_fc_layout":"element-text","status":false,"group":null,"text_size":"large","text":"Pour la deuxi\u00e8me fois d\u00e9j\u00e0, la \u00abJourn\u00e9e des communes\u00bb s'est d\u00e9roul\u00e9e le 16 octobre 2025 dans le cadre de l'OLMA. La Previs \u00e9tait pr\u00e9sente avec un stand."},{"acf_fc_layout":"element-text","status":false,"group":null,"text_size":"normal","text":"La Vereinigung St. Galler Gemeindepr\u00e4sidentinnen und Gemeindepr\u00e4sidenten (VSGP), la Verband St. Galler Ortsgemeinden et l'Association des Communes Suisses ont invit\u00e9 pour la deuxi\u00e8me fois toutes les communes suisses et les communes bourgeoises \u00e0 la \u00abJourn\u00e9e des communes\u00bb \u00e0 l'OLMA. La question centrale de la conf\u00e9rence \u00e9tait de savoir comment l'intelligence artificielle transforme l'administration. Les communes du canton h\u00f4te, le Valais, ont pr\u00e9sent\u00e9 les d\u00e9veloppements actuels \u00e0 l'aide d'exemples concrets.\r\n\r\nPour la Previs, cet \u00e9v\u00e9nement \u00e9tait une plateforme int\u00e9ressante, car nous proposons des solutions de pr\u00e9voyance adapt\u00e9es, notamment aux communes et aux institutions et entreprises proches des communes. Nous entretenons en outre un partenariat de longue date avec l'Association des communes suisses. Nos conseillers d'entreprise ont appr\u00e9ci\u00e9 le contact personnel avec les repr\u00e9sentants des communes et se sont tenus \u00e0 leur disposition pour r\u00e9pondre \u00e0 toutes leurs questions sur la pr\u00e9voyance professionnelle."},{"acf_fc_layout":"element-image","status":false,"image":13978,"activate_lightbox":false,"caption":"Catherine Bourget et Aleksandar Spasic ont r\u00e9pondu \u00e0 toutes les questions relatives \u00e0 la pr\u00e9voyance professionnelle sur le stand de la Previs."}]},"publishpress_future_action":{"enabled":false,"date":"2026-05-05 15:32:36","action":"change-status","newStatus":"draft","terms":[],"taxonomy":"category","extraData":[]},"publishpress_future_workflow_manual_trigger":{"enabledWorkflows":[]},"_links":{"self":[{"href":"https:\/\/www.previs.ch\/fr\/api\/wp\/v2\/posts\/13981","targetHints":{"allow":["GET"]}}],"collection":[{"href":"https:\/\/www.previs.ch\/fr\/api\/wp\/v2\/posts"}],"about":[{"href":"https:\/\/www.previs.ch\/fr\/api\/wp\/v2\/types\/post"}],"author":[{"embeddable":true,"href":"https:\/\/www.previs.ch\/fr\/api\/wp\/v2\/users\/3"}],"replies":[{"embeddable":true,"href":"https:\/\/www.previs.ch\/fr\/api\/wp\/v2\/comments?post=13981"}],"version-history":[{"count":2,"href":"https:\/\/www.previs.ch\/fr\/api\/wp\/v2\/posts\/13981\/revisions"}],"predecessor-version":[{"id":13985,"href":"https:\/\/www.previs.ch\/fr\/api\/wp\/v2\/posts\/13981\/revisions\/13985"}],"wp:featuredmedia":[{"embeddable":true,"href":"https:\/\/www.previs.ch\/fr\/api\/wp\/v2\/media\/13978"}],"wp:attachment":[{"href":"https:\/\/www.previs.ch\/fr\/api\/wp\/v2\/media?parent=13981"}],"wp:term":[{"taxonomy":"category","embeddable":true,"href":"https:\/\/www.previs.ch\/fr\/api\/wp\/v2\/categories?post=13981"},{"taxonomy":"post_tag","embeddable":true,"href":"https:\/\/www.previs.ch\/fr\/api\/wp\/v2\/tags?post=13981"}],"curies":[{"name":"wp","href":"https:\/\/api.w.org\/{rel}","templated":true}]}}