{"id":9147,"date":"2024-11-14T18:01:00","date_gmt":"2024-11-14T16:01:00","guid":{"rendered":"https:\/\/www.previs.ch\/?p=9147"},"modified":"2024-11-14T18:01:00","modified_gmt":"2024-11-14T16:01:00","slug":"la-previs-ouvre-ses-portes","status":"publish","type":"post","link":"https:\/\/www.previs.ch\/fr\/la-previs-ouvre-ses-portes\/","title":{"rendered":"La Previs ouvre ses portes \u00e0 quatre jeunes pour une immersion dans le monde du travail"},"content":{"rendered":"","protected":false},"excerpt":{"rendered":"","protected":false},"author":3,"featured_media":9143,"comment_status":"closed","ping_status":"closed","sticky":false,"template":"","format":"standard","meta":{"_acf_changed":false,"footnotes":""},"categories":[63,64],"tags":[],"class_list":["post-9147","post","type-post","status-publish","format-standard","has-post-thumbnail","hentry","category-a-propos-de-nous","category-ressources-humaines"],"yoast_head":"<!-- This site is optimized with the Yoast SEO plugin v27.3 - https:\/\/yoast.com\/product\/yoast-seo-wordpress\/ -->\n<title>La Previs ouvre ses portes \u00e0 quatre jeunes pour une immersion dans le monde du travail | Previs Vorsorge<\/title>\n<meta name=\"description\" content=\"La Previs ouvre ses portes \u00e0 quatre jeunes pour une immersion dans le monde du travail\" \/>\n<meta name=\"robots\" content=\"index, follow, max-snippet:-1, max-image-preview:large, max-video-preview:-1\" \/>\n<link rel=\"canonical\" href=\"https:\/\/www.previs.ch\/fr\/la-previs-ouvre-ses-portes\/\" \/>\n<meta property=\"og:locale\" content=\"fr_FR\" \/>\n<meta property=\"og:type\" content=\"article\" \/>\n<meta property=\"og:title\" content=\"La Previs ouvre ses portes \u00e0 quatre jeunes pour une immersion dans le monde du travail | Previs Vorsorge\" \/>\n<meta property=\"og:description\" content=\"La Previs ouvre ses portes \u00e0 quatre jeunes pour une immersion dans le monde du travail\" \/>\n<meta property=\"og:url\" content=\"https:\/\/www.previs.ch\/fr\/la-previs-ouvre-ses-portes\/\" \/>\n<meta property=\"og:site_name\" content=\"Previs Vorsorge\" \/>\n<meta property=\"article:published_time\" content=\"2024-11-14T16:01:00+00:00\" \/>\n<meta property=\"og:image\" content=\"https:\/\/www.previs.ch\/wp-content\/uploads\/2024\/11\/Zukunftsta_2024_Header-scaled.jpeg\" \/>\n\t<meta property=\"og:image:width\" content=\"2560\" \/>\n\t<meta property=\"og:image:height\" content=\"1596\" \/>\n\t<meta property=\"og:image:type\" content=\"image\/jpeg\" \/>\n<meta name=\"author\" content=\"nadjapfaffhauser\" \/>\n<meta name=\"twitter:card\" content=\"summary_large_image\" \/>\n<meta name=\"twitter:label1\" content=\"\u00c9crit par\" \/>\n\t<meta name=\"twitter:data1\" content=\"nadjapfaffhauser\" \/>\n<script type=\"application\/ld+json\" class=\"yoast-schema-graph\">{\"@context\":\"https:\\\/\\\/schema.org\",\"@graph\":[{\"@type\":\"Article\",\"@id\":\"https:\\\/\\\/www.previs.ch\\\/fr\\\/la-previs-ouvre-ses-portes\\\/#article\",\"isPartOf\":{\"@id\":\"https:\\\/\\\/www.previs.ch\\\/fr\\\/la-previs-ouvre-ses-portes\\\/\"},\"author\":{\"name\":\"nadjapfaffhauser\",\"@id\":\"https:\\\/\\\/www.previs.ch\\\/fr\\\/#\\\/schema\\\/person\\\/63fa812285f9e73f01a59d58fcac965f\"},\"headline\":\"La Previs ouvre ses portes \u00e0 quatre jeunes pour une immersion dans le monde du travail\",\"datePublished\":\"2024-11-14T16:01:00+00:00\",\"mainEntityOfPage\":{\"@id\":\"https:\\\/\\\/www.previs.ch\\\/fr\\\/la-previs-ouvre-ses-portes\\\/\"},\"wordCount\":15,\"publisher\":{\"@id\":\"https:\\\/\\\/www.previs.ch\\\/fr\\\/#organization\"},\"image\":{\"@id\":\"https:\\\/\\\/www.previs.ch\\\/fr\\\/la-previs-ouvre-ses-portes\\\/#primaryimage\"},\"thumbnailUrl\":\"https:\\\/\\\/www.previs.ch\\\/wp-content\\\/uploads\\\/2024\\\/11\\\/Zukunftsta_2024_Header-scaled.jpeg\",\"articleSection\":[\"A propos de nous\",\"Ressources humaines\"],\"inLanguage\":\"fr-FR\"},{\"@type\":\"WebPage\",\"@id\":\"https:\\\/\\\/www.previs.ch\\\/fr\\\/la-previs-ouvre-ses-portes\\\/\",\"url\":\"https:\\\/\\\/www.previs.ch\\\/fr\\\/la-previs-ouvre-ses-portes\\\/\",\"name\":\"La Previs ouvre ses portes \u00e0 quatre jeunes pour une immersion dans le monde du travail | Previs Vorsorge\",\"isPartOf\":{\"@id\":\"https:\\\/\\\/www.previs.ch\\\/fr\\\/#website\"},\"primaryImageOfPage\":{\"@id\":\"https:\\\/\\\/www.previs.ch\\\/fr\\\/la-previs-ouvre-ses-portes\\\/#primaryimage\"},\"image\":{\"@id\":\"https:\\\/\\\/www.previs.ch\\\/fr\\\/la-previs-ouvre-ses-portes\\\/#primaryimage\"},\"thumbnailUrl\":\"https:\\\/\\\/www.previs.ch\\\/wp-content\\\/uploads\\\/2024\\\/11\\\/Zukunftsta_2024_Header-scaled.jpeg\",\"datePublished\":\"2024-11-14T16:01:00+00:00\",\"description\":\"La Previs ouvre ses portes \u00e0 quatre jeunes pour une immersion dans le monde du travail\",\"breadcrumb\":{\"@id\":\"https:\\\/\\\/www.previs.ch\\\/fr\\\/la-previs-ouvre-ses-portes\\\/#breadcrumb\"},\"inLanguage\":\"fr-FR\",\"potentialAction\":[{\"@type\":\"ReadAction\",\"target\":[\"https:\\\/\\\/www.previs.ch\\\/fr\\\/la-previs-ouvre-ses-portes\\\/\"]}]},{\"@type\":\"ImageObject\",\"inLanguage\":\"fr-FR\",\"@id\":\"https:\\\/\\\/www.previs.ch\\\/fr\\\/la-previs-ouvre-ses-portes\\\/#primaryimage\",\"url\":\"https:\\\/\\\/www.previs.ch\\\/wp-content\\\/uploads\\\/2024\\\/11\\\/Zukunftsta_2024_Header-scaled.jpeg\",\"contentUrl\":\"https:\\\/\\\/www.previs.ch\\\/wp-content\\\/uploads\\\/2024\\\/11\\\/Zukunftsta_2024_Header-scaled.jpeg\",\"width\":2560,\"height\":1596},{\"@type\":\"BreadcrumbList\",\"@id\":\"https:\\\/\\\/www.previs.ch\\\/fr\\\/la-previs-ouvre-ses-portes\\\/#breadcrumb\",\"itemListElement\":[{\"@type\":\"ListItem\",\"position\":1,\"name\":\"Home\",\"item\":\"https:\\\/\\\/www.previs.ch\\\/fr\\\/\"},{\"@type\":\"ListItem\",\"position\":2,\"name\":\"La Previs ouvre ses portes \u00e0 quatre jeunes pour une immersion dans le monde du travail\"}]},{\"@type\":\"WebSite\",\"@id\":\"https:\\\/\\\/www.previs.ch\\\/fr\\\/#website\",\"url\":\"https:\\\/\\\/www.previs.ch\\\/fr\\\/\",\"name\":\"Previs Vorsorge\",\"description\":\"Quand la transparence est source de confiance\",\"publisher\":{\"@id\":\"https:\\\/\\\/www.previs.ch\\\/fr\\\/#organization\"},\"alternateName\":\"Previs\",\"potentialAction\":[{\"@type\":\"SearchAction\",\"target\":{\"@type\":\"EntryPoint\",\"urlTemplate\":\"https:\\\/\\\/www.previs.ch\\\/fr\\\/?s={search_term_string}\"},\"query-input\":{\"@type\":\"PropertyValueSpecification\",\"valueRequired\":true,\"valueName\":\"search_term_string\"}}],\"inLanguage\":\"fr-FR\"},{\"@type\":\"Organization\",\"@id\":\"https:\\\/\\\/www.previs.ch\\\/fr\\\/#organization\",\"name\":\"Previs Vorsorge\",\"alternateName\":\"Previs\",\"url\":\"https:\\\/\\\/www.previs.ch\\\/fr\\\/\",\"logo\":{\"@type\":\"ImageObject\",\"inLanguage\":\"fr-FR\",\"@id\":\"https:\\\/\\\/www.previs.ch\\\/fr\\\/#\\\/schema\\\/logo\\\/image\\\/\",\"url\":\"https:\\\/\\\/www.previs.ch\\\/wp-content\\\/uploads\\\/2024\\\/07\\\/cropped-previs-vorsorge-favicon.png\",\"contentUrl\":\"https:\\\/\\\/www.previs.ch\\\/wp-content\\\/uploads\\\/2024\\\/07\\\/cropped-previs-vorsorge-favicon.png\",\"width\":512,\"height\":512,\"caption\":\"Previs Vorsorge\"},\"image\":{\"@id\":\"https:\\\/\\\/www.previs.ch\\\/fr\\\/#\\\/schema\\\/logo\\\/image\\\/\"},\"sameAs\":[\"https:\\\/\\\/www.linkedin.com\\\/company\\\/previsvorsorge\\\/\"]},{\"@type\":\"Person\",\"@id\":\"https:\\\/\\\/www.previs.ch\\\/fr\\\/#\\\/schema\\\/person\\\/63fa812285f9e73f01a59d58fcac965f\",\"name\":\"nadjapfaffhauser\",\"image\":{\"@type\":\"ImageObject\",\"inLanguage\":\"fr-FR\",\"@id\":\"https:\\\/\\\/secure.gravatar.com\\\/avatar\\\/0036c927da3f02f035273f0c67b7e1a69eb1458e9a57ab10944b83a0d8201e37?s=96&d=mm&r=g\",\"url\":\"https:\\\/\\\/secure.gravatar.com\\\/avatar\\\/0036c927da3f02f035273f0c67b7e1a69eb1458e9a57ab10944b83a0d8201e37?s=96&d=mm&r=g\",\"contentUrl\":\"https:\\\/\\\/secure.gravatar.com\\\/avatar\\\/0036c927da3f02f035273f0c67b7e1a69eb1458e9a57ab10944b83a0d8201e37?s=96&d=mm&r=g\",\"caption\":\"nadjapfaffhauser\"},\"url\":\"https:\\\/\\\/www.previs.ch\\\/fr\\\/author\\\/nadjapfaffhauser\\\/\"}]}<\/script>\n<!-- \/ Yoast SEO plugin. -->","yoast_head_json":{"title":"La Previs ouvre ses portes \u00e0 quatre jeunes pour une immersion dans le monde du travail | Previs Vorsorge","description":"La Previs ouvre ses portes \u00e0 quatre jeunes pour une immersion dans le monde du travail","robots":{"index":"index","follow":"follow","max-snippet":"max-snippet:-1","max-image-preview":"max-image-preview:large","max-video-preview":"max-video-preview:-1"},"canonical":"https:\/\/www.previs.ch\/fr\/la-previs-ouvre-ses-portes\/","og_locale":"fr_FR","og_type":"article","og_title":"La Previs ouvre ses portes \u00e0 quatre jeunes pour une immersion dans le monde du travail | Previs Vorsorge","og_description":"La Previs ouvre ses portes \u00e0 quatre jeunes pour une immersion dans le monde du travail","og_url":"https:\/\/www.previs.ch\/fr\/la-previs-ouvre-ses-portes\/","og_site_name":"Previs Vorsorge","article_published_time":"2024-11-14T16:01:00+00:00","og_image":[{"width":2560,"height":1596,"url":"https:\/\/www.previs.ch\/wp-content\/uploads\/2024\/11\/Zukunftsta_2024_Header-scaled.jpeg","type":"image\/jpeg"}],"author":"nadjapfaffhauser","twitter_card":"summary_large_image","twitter_misc":{"\u00c9crit par":"nadjapfaffhauser"},"schema":{"@context":"https:\/\/schema.org","@graph":[{"@type":"Article","@id":"https:\/\/www.previs.ch\/fr\/la-previs-ouvre-ses-portes\/#article","isPartOf":{"@id":"https:\/\/www.previs.ch\/fr\/la-previs-ouvre-ses-portes\/"},"author":{"name":"nadjapfaffhauser","@id":"https:\/\/www.previs.ch\/fr\/#\/schema\/person\/63fa812285f9e73f01a59d58fcac965f"},"headline":"La Previs ouvre ses portes \u00e0 quatre jeunes pour une immersion dans le monde du travail","datePublished":"2024-11-14T16:01:00+00:00","mainEntityOfPage":{"@id":"https:\/\/www.previs.ch\/fr\/la-previs-ouvre-ses-portes\/"},"wordCount":15,"publisher":{"@id":"https:\/\/www.previs.ch\/fr\/#organization"},"image":{"@id":"https:\/\/www.previs.ch\/fr\/la-previs-ouvre-ses-portes\/#primaryimage"},"thumbnailUrl":"https:\/\/www.previs.ch\/wp-content\/uploads\/2024\/11\/Zukunftsta_2024_Header-scaled.jpeg","articleSection":["A propos de nous","Ressources humaines"],"inLanguage":"fr-FR"},{"@type":"WebPage","@id":"https:\/\/www.previs.ch\/fr\/la-previs-ouvre-ses-portes\/","url":"https:\/\/www.previs.ch\/fr\/la-previs-ouvre-ses-portes\/","name":"La Previs ouvre ses portes \u00e0 quatre jeunes pour une immersion dans le monde du travail | Previs Vorsorge","isPartOf":{"@id":"https:\/\/www.previs.ch\/fr\/#website"},"primaryImageOfPage":{"@id":"https:\/\/www.previs.ch\/fr\/la-previs-ouvre-ses-portes\/#primaryimage"},"image":{"@id":"https:\/\/www.previs.ch\/fr\/la-previs-ouvre-ses-portes\/#primaryimage"},"thumbnailUrl":"https:\/\/www.previs.ch\/wp-content\/uploads\/2024\/11\/Zukunftsta_2024_Header-scaled.jpeg","datePublished":"2024-11-14T16:01:00+00:00","description":"La Previs ouvre ses portes \u00e0 quatre jeunes pour une immersion dans le monde du travail","breadcrumb":{"@id":"https:\/\/www.previs.ch\/fr\/la-previs-ouvre-ses-portes\/#breadcrumb"},"inLanguage":"fr-FR","potentialAction":[{"@type":"ReadAction","target":["https:\/\/www.previs.ch\/fr\/la-previs-ouvre-ses-portes\/"]}]},{"@type":"ImageObject","inLanguage":"fr-FR","@id":"https:\/\/www.previs.ch\/fr\/la-previs-ouvre-ses-portes\/#primaryimage","url":"https:\/\/www.previs.ch\/wp-content\/uploads\/2024\/11\/Zukunftsta_2024_Header-scaled.jpeg","contentUrl":"https:\/\/www.previs.ch\/wp-content\/uploads\/2024\/11\/Zukunftsta_2024_Header-scaled.jpeg","width":2560,"height":1596},{"@type":"BreadcrumbList","@id":"https:\/\/www.previs.ch\/fr\/la-previs-ouvre-ses-portes\/#breadcrumb","itemListElement":[{"@type":"ListItem","position":1,"name":"Home","item":"https:\/\/www.previs.ch\/fr\/"},{"@type":"ListItem","position":2,"name":"La Previs ouvre ses portes \u00e0 quatre jeunes pour une immersion dans le monde du travail"}]},{"@type":"WebSite","@id":"https:\/\/www.previs.ch\/fr\/#website","url":"https:\/\/www.previs.ch\/fr\/","name":"Previs Vorsorge","description":"Quand la transparence est source de confiance","publisher":{"@id":"https:\/\/www.previs.ch\/fr\/#organization"},"alternateName":"Previs","potentialAction":[{"@type":"SearchAction","target":{"@type":"EntryPoint","urlTemplate":"https:\/\/www.previs.ch\/fr\/?s={search_term_string}"},"query-input":{"@type":"PropertyValueSpecification","valueRequired":true,"valueName":"search_term_string"}}],"inLanguage":"fr-FR"},{"@type":"Organization","@id":"https:\/\/www.previs.ch\/fr\/#organization","name":"Previs Vorsorge","alternateName":"Previs","url":"https:\/\/www.previs.ch\/fr\/","logo":{"@type":"ImageObject","inLanguage":"fr-FR","@id":"https:\/\/www.previs.ch\/fr\/#\/schema\/logo\/image\/","url":"https:\/\/www.previs.ch\/wp-content\/uploads\/2024\/07\/cropped-previs-vorsorge-favicon.png","contentUrl":"https:\/\/www.previs.ch\/wp-content\/uploads\/2024\/07\/cropped-previs-vorsorge-favicon.png","width":512,"height":512,"caption":"Previs Vorsorge"},"image":{"@id":"https:\/\/www.previs.ch\/fr\/#\/schema\/logo\/image\/"},"sameAs":["https:\/\/www.linkedin.com\/company\/previsvorsorge\/"]},{"@type":"Person","@id":"https:\/\/www.previs.ch\/fr\/#\/schema\/person\/63fa812285f9e73f01a59d58fcac965f","name":"nadjapfaffhauser","image":{"@type":"ImageObject","inLanguage":"fr-FR","@id":"https:\/\/secure.gravatar.com\/avatar\/0036c927da3f02f035273f0c67b7e1a69eb1458e9a57ab10944b83a0d8201e37?s=96&d=mm&r=g","url":"https:\/\/secure.gravatar.com\/avatar\/0036c927da3f02f035273f0c67b7e1a69eb1458e9a57ab10944b83a0d8201e37?s=96&d=mm&r=g","contentUrl":"https:\/\/secure.gravatar.com\/avatar\/0036c927da3f02f035273f0c67b7e1a69eb1458e9a57ab10944b83a0d8201e37?s=96&d=mm&r=g","caption":"nadjapfaffhauser"},"url":"https:\/\/www.previs.ch\/fr\/author\/nadjapfaffhauser\/"}]}},"acf":{"simple_options":{"show_featured_image":true,"bgcolor":"","color_title":"","description":"Le 14\u202fnovembre, Alessia, Alina, Dean et Kayla ont eu l\u2019occasion de d\u00e9couvrir les diff\u00e9rents secteurs d\u2019activit\u00e9 de Previs Prevoyance lors de la Journ\u00e9e nationale \u00abFutur en tous genres\u00bb. C\u2019est avec plaisir que nous revenons sur cette passionnante journ\u00e9e."},"elements":[{"acf_fc_layout":"element-text","status":false,"group":null,"text_size":"large","text":"<span class=\"TextRun SCXW214034578 BCX8\" lang=\"FR-CH\" xml:lang=\"FR-CH\" data-contrast=\"auto\"><span class=\"NormalTextRun SCXW214034578 BCX8\">Le 14\u202fnovembre, Alessia, Alina, Dean et <\/span><span class=\"NormalTextRun SpellingErrorV2Themed SCXW214034578 BCX8\">Kayla<\/span><span class=\"NormalTextRun SCXW214034578 BCX8\"> ont eu l<\/span><span class=\"NormalTextRun SCXW214034578 BCX8\">\u2019<\/span><span class=\"NormalTextRun SCXW214034578 BCX8\">occasion de d\u00e9couvrir les diff\u00e9rents secteurs d<\/span><span class=\"NormalTextRun SCXW214034578 BCX8\">\u2019<\/span><span class=\"NormalTextRun SCXW214034578 BCX8\">activit\u00e9 de <\/span><span class=\"NormalTextRun SCXW214034578 BCX8\">Previs<\/span> <span class=\"NormalTextRun SpellingErrorV2Themed SCXW214034578 BCX8\">Prevoyance<\/span><span class=\"NormalTextRun SCXW214034578 BCX8\"> lors de la Journ\u00e9e nationale<\/span><span class=\"NormalTextRun ContextualSpellingAndGrammarErrorV2Themed SCXW214034578 BCX8\"> \u00abFutur<\/span><span class=\"NormalTextRun SCXW214034578 BCX8\"> en tous <\/span><span class=\"NormalTextRun ContextualSpellingAndGrammarErrorV2Themed SCXW214034578 BCX8\">genres\u00bb<\/span><span class=\"NormalTextRun SCXW214034578 BCX8\">. C<\/span><span class=\"NormalTextRun SCXW214034578 BCX8\">\u2019<\/span><span class=\"NormalTextRun SCXW214034578 BCX8\">est avec plaisir que nous revenons sur cette passionnante journ\u00e9e.<\/span><\/span><span class=\"EOP SCXW214034578 BCX8\" data-ccp-props=\"{&quot;335559739&quot;:120}\">\u00a0<\/span>"},{"acf_fc_layout":"element-text","status":false,"group":null,"text_size":"normal","text":"La journ\u00e9e \u00abFutur en tous genres\u00bb permet aux \u00e9l\u00e8ves de 5e\u202fann\u00e9e et plus d\u2019avoir un aper\u00e7u du quotidien professionnel. La Previs accueille ainsi chaque ann\u00e9e des jeunes int\u00e9ress\u00e9s\u202f\u2013 en notre qualit\u00e9 d\u2019entreprise formatrice d\u2019employ\u00e9-e-s de commerce CFC et d\u2019agent-e-s d\u2019exploitation\u202fCFC, il est de notre int\u00e9r\u00eat de susciter des vocations \u00e0 travailler au sein d\u2019une institution de pr\u00e9voyance. La journ\u00e9e \u00abFutur en tous genres\u00bb est planifi\u00e9e et organis\u00e9e par les apprenti-e-s de la Previs. \u00abFaire d\u00e9couvrir aux jeunes notre travail quotidien et veiller au bon d\u00e9roulement de la journ\u00e9e avec les autres apprenti-e-s me pla\u00eet \u00e9norm\u00e9ment\u00bb, d\u00e9clare Annika B\u00e4rtschi, apprentie employ\u00e9e de commerce en 2e\u202fann\u00e9e.\r\n\r\nLes apprenti-e-s ont guid\u00e9 les \u00e9l\u00e8ves tout au long de la journ\u00e9e. Le jeune public s\u2019est vu expliquer le fonctionnement d\u2019une caisse de pension et pr\u00e9senter l\u2019organisation de l\u2019entreprise. Il a \u00e9galement b\u00e9n\u00e9fici\u00e9 d\u2019une br\u00e8ve description des formations d\u2019employ\u00e9-e de commerce et d\u2019agent-e d\u2019exploitation. Chacun-e a ensuite eu la possibilit\u00e9 de suivre une collaboratrice ou un collaborateur du secteur Gestion immobili\u00e8re, Pr\u00e9voyance, Finances ou Clients et communication pour se faire une id\u00e9e des activit\u00e9s des diff\u00e9rents services. La visite de chantier programm\u00e9e l\u2019apr\u00e8s-midi a rencontr\u00e9 un vif succ\u00e8s. \u00abNous avons eu le privil\u00e8ge d\u2019accompagner Igor Di Zio au lotissement de Blankweg \u00e0 Ostermundigen et nous avons appris plein de choses sur le m\u00e9tier de chef-fe de projet immobilier et sur les diff\u00e9rents travaux li\u00e9s \u00e0 un bien immobilier\u00bb, raconte Annika."},{"acf_fc_layout":"element-quote","status":false,"quote":"C\u2019\u00e9tait la premi\u00e8re fois que je d\u00e9couvrais le quotidien d\u2019une employ\u00e9e de commerce. Apr\u00e8s cette journ\u00e9e pass\u00e9e \u00e0 Previs Pr\u00e9voyance, j\u2019ai une id\u00e9e bien plus pr\u00e9cise du r\u00f4le d\u2019une caisse de pension et de tout ce qu\u2019impliquent les m\u00e9tiers correspondants, affirme Alina. "},{"acf_fc_layout":"element-text","status":false,"group":null,"text_size":"normal","text":"Le quiz en ligne Kahoot organis\u00e9 pour cl\u00f4turer la journ\u00e9e a permis aux jeunes de tester dans la joie et la bonne humeur les connaissances acquises sur la Previs et ses fili\u00e8res d\u2019apprentissage, avec remise de petits prix \u00e0 la cl\u00e9. Les pizzas servies le midi ont \u00e9t\u00e9 l\u2019occasion d\u2019\u00e9changes personnels: les \u00e9l\u00e8ves ont pu \u00e9voquer leur quotidien et exposer leurs projets d\u2019avenir."},{"acf_fc_layout":"element-image-carousel","status":false,"group":"","activate_lightbox":false,"slides":[{"image":9137,"caption":"Les pizzas servies le midi ont \u00e9t\u00e9 l\u2019occasion d\u2019\u00e9changes personnels."},{"image":9140,"caption":"La visite de chantier programm\u00e9e l\u2019apr\u00e8s-midi a rencontr\u00e9 un vif succ\u00e8s."}]},{"acf_fc_layout":"element-title","status":false,"title":"Formation chez Previs Pr\u00e9voyance ","title_type":"h4"},{"acf_fc_layout":"element-text","status":false,"group":null,"text_size":"normal","text":"<span class=\"TextRun SCXW31348636 BCX8\" lang=\"FR-CH\" xml:lang=\"FR-CH\" data-contrast=\"auto\"><span class=\"NormalTextRun SCXW31348636 BCX8\">La place d<\/span><span class=\"NormalTextRun SCXW31348636 BCX8\">\u2019<\/span><span class=\"NormalTextRun SpellingErrorV2Themed SCXW31348636 BCX8\">apprenti-e<\/span> <span class=\"NormalTextRun SpellingErrorV2Themed SCXW31348636 BCX8\">agent-e<\/span><span class=\"NormalTextRun SCXW31348636 BCX8\"> d<\/span><span class=\"NormalTextRun SCXW31348636 BCX8\">\u2019<\/span><span class=\"NormalTextRun SCXW31348636 BCX8\">exploitation CFC propos\u00e9e pour l<\/span><span class=\"NormalTextRun SCXW31348636 BCX8\">\u2019<\/span><span class=\"NormalTextRun SCXW31348636 BCX8\">\u00e9t\u00e9\u202f2025 n<\/span><span class=\"NormalTextRun SCXW31348636 BCX8\">\u2019<\/span><span class=\"NormalTextRun SCXW31348636 BCX8\">est pas encore pourvue \u00e0 ce jour. Elle est ouverte \u00e0 toute personne ayant le sens pratique, qui appr\u00e9cie d<\/span><span class=\"NormalTextRun SCXW31348636 BCX8\">\u2019<\/span><span class=\"NormalTextRun SCXW31348636 BCX8\">\u00e9voluer en plein air et qui souhaite vivre une exp\u00e9rience vari\u00e9e au sein d<\/span><span class=\"NormalTextRun SCXW31348636 BCX8\">\u2019<\/span><span class=\"NormalTextRun SCXW31348636 BCX8\">une \u00e9quipe motiv\u00e9e. Nous proposerons \u00e9galement, \u00e0 l<\/span><span class=\"NormalTextRun SCXW31348636 BCX8\">\u2019<\/span><span class=\"NormalTextRun SCXW31348636 BCX8\">\u00e9t\u00e9\u202f2026, deux places d<\/span><span class=\"NormalTextRun SCXW31348636 BCX8\">\u2019<\/span><span class=\"NormalTextRun SpellingErrorV2Themed SCXW31348636 BCX8\">apprenti-e<\/span> <span class=\"NormalTextRun SpellingErrorV2Themed SCXW31348636 BCX8\">employ\u00e9-e<\/span><span class=\"NormalTextRun SCXW31348636 BCX8\"> de commerce\u202f<\/span><span class=\"NormalTextRun ContextualSpellingAndGrammarErrorV2Themed SCXW31348636 BCX8\">CFC:<\/span><span class=\"NormalTextRun SCXW31348636 BCX8\"> une dans <\/span><span class=\"NormalTextRun ContextualSpellingAndGrammarErrorV2Themed SCXW31348636 BCX8\">la branches<\/span><span class=\"NormalTextRun SCXW31348636 BCX8\"> Service et Administration, l<\/span><span class=\"NormalTextRun SCXW31348636 BCX8\">\u2019<\/span><span class=\"NormalTextRun SCXW31348636 BCX8\">autre dans la branche Immobilier.\u00a0<\/span><\/span><span class=\"EOP SCXW31348636 BCX8\" data-ccp-props=\"{&quot;335559739&quot;:120}\">\u00a0<\/span>"},{"acf_fc_layout":"element-buttons","status":false,"buttons":[{"text":"Formation chez Previs Pr\u00e9voyance ","type":"internal","style":"link","link":663,"anchor":"","url":""}]},{"acf_fc_layout":"element-text","status":false,"group":null,"text_size":"normal","text":"Nous appr\u00e9cions de faire la connaissance pr\u00e9alable de nos futures apprenties et apprentis. Nous invitons donc les jeunes de 8 ann\u00e9e \u00e0 venir nous rencontrer en participant \u00e0 des journ\u00e9es d\u2019int\u00e9gration.\r\n\r\nContact: Sarah Feller, sp\u00e9cialiste r\u00e9f\u00e9rente Ressources Humaines | Formatrice, <a href=\"tel:+41319630304\">031 963 03 04<\/a>, <a href=\"mailto:sarah.feller@previs.ch\">sarah.feller@previs.ch<\/a>\r\n\r\n<em>\r\nTexte et images: Annika B\u00e4rtschi, apprentie employ\u00e9e de commerce en 2e\u202fann\u00e9e d\u2019apprentissage<\/em>"}]},"publishpress_future_action":{"enabled":false,"date":"2026-05-08 23:03:53","action":"change-status","newStatus":"draft","terms":[],"taxonomy":"category","extraData":[]},"publishpress_future_workflow_manual_trigger":{"enabledWorkflows":[]},"_links":{"self":[{"href":"https:\/\/www.previs.ch\/fr\/api\/wp\/v2\/posts\/9147","targetHints":{"allow":["GET"]}}],"collection":[{"href":"https:\/\/www.previs.ch\/fr\/api\/wp\/v2\/posts"}],"about":[{"href":"https:\/\/www.previs.ch\/fr\/api\/wp\/v2\/types\/post"}],"author":[{"embeddable":true,"href":"https:\/\/www.previs.ch\/fr\/api\/wp\/v2\/users\/3"}],"replies":[{"embeddable":true,"href":"https:\/\/www.previs.ch\/fr\/api\/wp\/v2\/comments?post=9147"}],"version-history":[{"count":1,"href":"https:\/\/www.previs.ch\/fr\/api\/wp\/v2\/posts\/9147\/revisions"}],"predecessor-version":[{"id":9148,"href":"https:\/\/www.previs.ch\/fr\/api\/wp\/v2\/posts\/9147\/revisions\/9148"}],"wp:featuredmedia":[{"embeddable":true,"href":"https:\/\/www.previs.ch\/fr\/api\/wp\/v2\/media\/9143"}],"wp:attachment":[{"href":"https:\/\/www.previs.ch\/fr\/api\/wp\/v2\/media?parent=9147"}],"wp:term":[{"taxonomy":"category","embeddable":true,"href":"https:\/\/www.previs.ch\/fr\/api\/wp\/v2\/categories?post=9147"},{"taxonomy":"post_tag","embeddable":true,"href":"https:\/\/www.previs.ch\/fr\/api\/wp\/v2\/tags?post=9147"}],"curies":[{"name":"wp","href":"https:\/\/api.w.org\/{rel}","templated":true}]}}