{"id":9149,"date":"2024-11-14T18:01:00","date_gmt":"2024-11-14T16:01:00","guid":{"rendered":"https:\/\/www.previs.ch\/?p=9149"},"modified":"2024-11-14T18:01:03","modified_gmt":"2024-11-14T16:01:03","slug":"previs-previdenza-apre-le-sue-porte","status":"publish","type":"post","link":"https:\/\/www.previs.ch\/it\/previs-previdenza-apre-le-sue-porte\/","title":{"rendered":"Previs Previdenza apre le sue porte: quattro giovani si immergono nel mondo delle professioni"},"content":{"rendered":"","protected":false},"excerpt":{"rendered":"","protected":false},"author":3,"featured_media":9144,"comment_status":"closed","ping_status":"closed","sticky":false,"template":"","format":"standard","meta":{"_acf_changed":false,"footnotes":""},"categories":[65,66],"tags":[],"class_list":["post-9149","post","type-post","status-publish","format-standard","has-post-thumbnail","hentry","category-chi-siamo","category-risorse-umane"],"yoast_head":"<!-- This site is optimized with the Yoast SEO plugin v27.3 - https:\/\/yoast.com\/product\/yoast-seo-wordpress\/ -->\n<title>Previs Previdenza apre le sue porte: quattro giovani si immergono nel mondo delle professioni | Previs Vorsorge<\/title>\n<meta name=\"description\" content=\"Previs Previdenza apre le sue porte: quattro giovani si immergono nel mondo delle professioni\" \/>\n<meta name=\"robots\" content=\"index, follow, max-snippet:-1, max-image-preview:large, max-video-preview:-1\" \/>\n<link rel=\"canonical\" href=\"https:\/\/www.previs.ch\/it\/previs-previdenza-apre-le-sue-porte\/\" \/>\n<meta property=\"og:locale\" content=\"it_IT\" \/>\n<meta property=\"og:type\" content=\"article\" \/>\n<meta property=\"og:title\" content=\"Previs Previdenza apre le sue porte: quattro giovani si immergono nel mondo delle professioni | Previs Vorsorge\" \/>\n<meta property=\"og:description\" content=\"Previs Previdenza apre le sue porte: quattro giovani si immergono nel mondo delle professioni\" \/>\n<meta property=\"og:url\" content=\"https:\/\/www.previs.ch\/it\/previs-previdenza-apre-le-sue-porte\/\" \/>\n<meta property=\"og:site_name\" content=\"Previs Vorsorge\" \/>\n<meta property=\"article:published_time\" content=\"2024-11-14T16:01:00+00:00\" \/>\n<meta property=\"article:modified_time\" content=\"2024-11-14T16:01:03+00:00\" \/>\n<meta property=\"og:image\" content=\"https:\/\/www.previs.ch\/wp-content\/uploads\/2024\/11\/Zukunftsta_2024_Header-scaled.jpeg\" \/>\n\t<meta property=\"og:image:width\" content=\"2560\" \/>\n\t<meta property=\"og:image:height\" content=\"1596\" \/>\n\t<meta property=\"og:image:type\" content=\"image\/jpeg\" \/>\n<meta name=\"author\" content=\"nadjapfaffhauser\" \/>\n<meta name=\"twitter:card\" content=\"summary_large_image\" \/>\n<meta name=\"twitter:label1\" content=\"Scritto da\" \/>\n\t<meta name=\"twitter:data1\" content=\"nadjapfaffhauser\" \/>\n<script type=\"application\/ld+json\" class=\"yoast-schema-graph\">{\"@context\":\"https:\\\/\\\/schema.org\",\"@graph\":[{\"@type\":\"Article\",\"@id\":\"https:\\\/\\\/www.previs.ch\\\/it\\\/previs-previdenza-apre-le-sue-porte\\\/#article\",\"isPartOf\":{\"@id\":\"https:\\\/\\\/www.previs.ch\\\/it\\\/previs-previdenza-apre-le-sue-porte\\\/\"},\"author\":{\"name\":\"nadjapfaffhauser\",\"@id\":\"https:\\\/\\\/www.previs.ch\\\/it\\\/#\\\/schema\\\/person\\\/63fa812285f9e73f01a59d58fcac965f\"},\"headline\":\"Previs Previdenza apre le sue porte: quattro giovani si immergono nel mondo delle professioni\",\"datePublished\":\"2024-11-14T16:01:00+00:00\",\"dateModified\":\"2024-11-14T16:01:03+00:00\",\"mainEntityOfPage\":{\"@id\":\"https:\\\/\\\/www.previs.ch\\\/it\\\/previs-previdenza-apre-le-sue-porte\\\/\"},\"wordCount\":14,\"publisher\":{\"@id\":\"https:\\\/\\\/www.previs.ch\\\/it\\\/#organization\"},\"image\":{\"@id\":\"https:\\\/\\\/www.previs.ch\\\/it\\\/previs-previdenza-apre-le-sue-porte\\\/#primaryimage\"},\"thumbnailUrl\":\"https:\\\/\\\/www.previs.ch\\\/wp-content\\\/uploads\\\/2024\\\/11\\\/Zukunftsta_2024_Header-scaled.jpeg\",\"articleSection\":[\"Chi siamo\",\"Risorse umane\"],\"inLanguage\":\"it-IT\"},{\"@type\":\"WebPage\",\"@id\":\"https:\\\/\\\/www.previs.ch\\\/it\\\/previs-previdenza-apre-le-sue-porte\\\/\",\"url\":\"https:\\\/\\\/www.previs.ch\\\/it\\\/previs-previdenza-apre-le-sue-porte\\\/\",\"name\":\"Previs Previdenza apre le sue porte: quattro giovani si immergono nel mondo delle professioni | Previs Vorsorge\",\"isPartOf\":{\"@id\":\"https:\\\/\\\/www.previs.ch\\\/it\\\/#website\"},\"primaryImageOfPage\":{\"@id\":\"https:\\\/\\\/www.previs.ch\\\/it\\\/previs-previdenza-apre-le-sue-porte\\\/#primaryimage\"},\"image\":{\"@id\":\"https:\\\/\\\/www.previs.ch\\\/it\\\/previs-previdenza-apre-le-sue-porte\\\/#primaryimage\"},\"thumbnailUrl\":\"https:\\\/\\\/www.previs.ch\\\/wp-content\\\/uploads\\\/2024\\\/11\\\/Zukunftsta_2024_Header-scaled.jpeg\",\"datePublished\":\"2024-11-14T16:01:00+00:00\",\"dateModified\":\"2024-11-14T16:01:03+00:00\",\"description\":\"Previs Previdenza apre le sue porte: quattro giovani si immergono nel mondo delle professioni\",\"breadcrumb\":{\"@id\":\"https:\\\/\\\/www.previs.ch\\\/it\\\/previs-previdenza-apre-le-sue-porte\\\/#breadcrumb\"},\"inLanguage\":\"it-IT\",\"potentialAction\":[{\"@type\":\"ReadAction\",\"target\":[\"https:\\\/\\\/www.previs.ch\\\/it\\\/previs-previdenza-apre-le-sue-porte\\\/\"]}]},{\"@type\":\"ImageObject\",\"inLanguage\":\"it-IT\",\"@id\":\"https:\\\/\\\/www.previs.ch\\\/it\\\/previs-previdenza-apre-le-sue-porte\\\/#primaryimage\",\"url\":\"https:\\\/\\\/www.previs.ch\\\/wp-content\\\/uploads\\\/2024\\\/11\\\/Zukunftsta_2024_Header-scaled.jpeg\",\"contentUrl\":\"https:\\\/\\\/www.previs.ch\\\/wp-content\\\/uploads\\\/2024\\\/11\\\/Zukunftsta_2024_Header-scaled.jpeg\",\"width\":2560,\"height\":1596},{\"@type\":\"BreadcrumbList\",\"@id\":\"https:\\\/\\\/www.previs.ch\\\/it\\\/previs-previdenza-apre-le-sue-porte\\\/#breadcrumb\",\"itemListElement\":[{\"@type\":\"ListItem\",\"position\":1,\"name\":\"Home\",\"item\":\"https:\\\/\\\/www.previs.ch\\\/it\\\/\"},{\"@type\":\"ListItem\",\"position\":2,\"name\":\"Previs Previdenza apre le sue porte: quattro giovani si immergono nel mondo delle professioni\"}]},{\"@type\":\"WebSite\",\"@id\":\"https:\\\/\\\/www.previs.ch\\\/it\\\/#website\",\"url\":\"https:\\\/\\\/www.previs.ch\\\/it\\\/\",\"name\":\"Previs Vorsorge\",\"description\":\"Da noi la trasparenza crea fiducia\",\"publisher\":{\"@id\":\"https:\\\/\\\/www.previs.ch\\\/it\\\/#organization\"},\"alternateName\":\"Previs\",\"potentialAction\":[{\"@type\":\"SearchAction\",\"target\":{\"@type\":\"EntryPoint\",\"urlTemplate\":\"https:\\\/\\\/www.previs.ch\\\/it\\\/?s={search_term_string}\"},\"query-input\":{\"@type\":\"PropertyValueSpecification\",\"valueRequired\":true,\"valueName\":\"search_term_string\"}}],\"inLanguage\":\"it-IT\"},{\"@type\":\"Organization\",\"@id\":\"https:\\\/\\\/www.previs.ch\\\/it\\\/#organization\",\"name\":\"Previs Vorsorge\",\"alternateName\":\"Previs\",\"url\":\"https:\\\/\\\/www.previs.ch\\\/it\\\/\",\"logo\":{\"@type\":\"ImageObject\",\"inLanguage\":\"it-IT\",\"@id\":\"https:\\\/\\\/www.previs.ch\\\/it\\\/#\\\/schema\\\/logo\\\/image\\\/\",\"url\":\"https:\\\/\\\/www.previs.ch\\\/wp-content\\\/uploads\\\/2024\\\/07\\\/cropped-previs-vorsorge-favicon.png\",\"contentUrl\":\"https:\\\/\\\/www.previs.ch\\\/wp-content\\\/uploads\\\/2024\\\/07\\\/cropped-previs-vorsorge-favicon.png\",\"width\":512,\"height\":512,\"caption\":\"Previs Vorsorge\"},\"image\":{\"@id\":\"https:\\\/\\\/www.previs.ch\\\/it\\\/#\\\/schema\\\/logo\\\/image\\\/\"},\"sameAs\":[\"https:\\\/\\\/www.linkedin.com\\\/company\\\/previsvorsorge\\\/\"]},{\"@type\":\"Person\",\"@id\":\"https:\\\/\\\/www.previs.ch\\\/it\\\/#\\\/schema\\\/person\\\/63fa812285f9e73f01a59d58fcac965f\",\"name\":\"nadjapfaffhauser\",\"image\":{\"@type\":\"ImageObject\",\"inLanguage\":\"it-IT\",\"@id\":\"https:\\\/\\\/secure.gravatar.com\\\/avatar\\\/0036c927da3f02f035273f0c67b7e1a69eb1458e9a57ab10944b83a0d8201e37?s=96&d=mm&r=g\",\"url\":\"https:\\\/\\\/secure.gravatar.com\\\/avatar\\\/0036c927da3f02f035273f0c67b7e1a69eb1458e9a57ab10944b83a0d8201e37?s=96&d=mm&r=g\",\"contentUrl\":\"https:\\\/\\\/secure.gravatar.com\\\/avatar\\\/0036c927da3f02f035273f0c67b7e1a69eb1458e9a57ab10944b83a0d8201e37?s=96&d=mm&r=g\",\"caption\":\"nadjapfaffhauser\"},\"url\":\"https:\\\/\\\/www.previs.ch\\\/it\\\/author\\\/nadjapfaffhauser\\\/\"}]}<\/script>\n<!-- \/ Yoast SEO plugin. -->","yoast_head_json":{"title":"Previs Previdenza apre le sue porte: quattro giovani si immergono nel mondo delle professioni | Previs Vorsorge","description":"Previs Previdenza apre le sue porte: quattro giovani si immergono nel mondo delle professioni","robots":{"index":"index","follow":"follow","max-snippet":"max-snippet:-1","max-image-preview":"max-image-preview:large","max-video-preview":"max-video-preview:-1"},"canonical":"https:\/\/www.previs.ch\/it\/previs-previdenza-apre-le-sue-porte\/","og_locale":"it_IT","og_type":"article","og_title":"Previs Previdenza apre le sue porte: quattro giovani si immergono nel mondo delle professioni | Previs Vorsorge","og_description":"Previs Previdenza apre le sue porte: quattro giovani si immergono nel mondo delle professioni","og_url":"https:\/\/www.previs.ch\/it\/previs-previdenza-apre-le-sue-porte\/","og_site_name":"Previs Vorsorge","article_published_time":"2024-11-14T16:01:00+00:00","article_modified_time":"2024-11-14T16:01:03+00:00","og_image":[{"width":2560,"height":1596,"url":"https:\/\/www.previs.ch\/wp-content\/uploads\/2024\/11\/Zukunftsta_2024_Header-scaled.jpeg","type":"image\/jpeg"}],"author":"nadjapfaffhauser","twitter_card":"summary_large_image","twitter_misc":{"Scritto da":"nadjapfaffhauser"},"schema":{"@context":"https:\/\/schema.org","@graph":[{"@type":"Article","@id":"https:\/\/www.previs.ch\/it\/previs-previdenza-apre-le-sue-porte\/#article","isPartOf":{"@id":"https:\/\/www.previs.ch\/it\/previs-previdenza-apre-le-sue-porte\/"},"author":{"name":"nadjapfaffhauser","@id":"https:\/\/www.previs.ch\/it\/#\/schema\/person\/63fa812285f9e73f01a59d58fcac965f"},"headline":"Previs Previdenza apre le sue porte: quattro giovani si immergono nel mondo delle professioni","datePublished":"2024-11-14T16:01:00+00:00","dateModified":"2024-11-14T16:01:03+00:00","mainEntityOfPage":{"@id":"https:\/\/www.previs.ch\/it\/previs-previdenza-apre-le-sue-porte\/"},"wordCount":14,"publisher":{"@id":"https:\/\/www.previs.ch\/it\/#organization"},"image":{"@id":"https:\/\/www.previs.ch\/it\/previs-previdenza-apre-le-sue-porte\/#primaryimage"},"thumbnailUrl":"https:\/\/www.previs.ch\/wp-content\/uploads\/2024\/11\/Zukunftsta_2024_Header-scaled.jpeg","articleSection":["Chi siamo","Risorse umane"],"inLanguage":"it-IT"},{"@type":"WebPage","@id":"https:\/\/www.previs.ch\/it\/previs-previdenza-apre-le-sue-porte\/","url":"https:\/\/www.previs.ch\/it\/previs-previdenza-apre-le-sue-porte\/","name":"Previs Previdenza apre le sue porte: quattro giovani si immergono nel mondo delle professioni | Previs Vorsorge","isPartOf":{"@id":"https:\/\/www.previs.ch\/it\/#website"},"primaryImageOfPage":{"@id":"https:\/\/www.previs.ch\/it\/previs-previdenza-apre-le-sue-porte\/#primaryimage"},"image":{"@id":"https:\/\/www.previs.ch\/it\/previs-previdenza-apre-le-sue-porte\/#primaryimage"},"thumbnailUrl":"https:\/\/www.previs.ch\/wp-content\/uploads\/2024\/11\/Zukunftsta_2024_Header-scaled.jpeg","datePublished":"2024-11-14T16:01:00+00:00","dateModified":"2024-11-14T16:01:03+00:00","description":"Previs Previdenza apre le sue porte: quattro giovani si immergono nel mondo delle professioni","breadcrumb":{"@id":"https:\/\/www.previs.ch\/it\/previs-previdenza-apre-le-sue-porte\/#breadcrumb"},"inLanguage":"it-IT","potentialAction":[{"@type":"ReadAction","target":["https:\/\/www.previs.ch\/it\/previs-previdenza-apre-le-sue-porte\/"]}]},{"@type":"ImageObject","inLanguage":"it-IT","@id":"https:\/\/www.previs.ch\/it\/previs-previdenza-apre-le-sue-porte\/#primaryimage","url":"https:\/\/www.previs.ch\/wp-content\/uploads\/2024\/11\/Zukunftsta_2024_Header-scaled.jpeg","contentUrl":"https:\/\/www.previs.ch\/wp-content\/uploads\/2024\/11\/Zukunftsta_2024_Header-scaled.jpeg","width":2560,"height":1596},{"@type":"BreadcrumbList","@id":"https:\/\/www.previs.ch\/it\/previs-previdenza-apre-le-sue-porte\/#breadcrumb","itemListElement":[{"@type":"ListItem","position":1,"name":"Home","item":"https:\/\/www.previs.ch\/it\/"},{"@type":"ListItem","position":2,"name":"Previs Previdenza apre le sue porte: quattro giovani si immergono nel mondo delle professioni"}]},{"@type":"WebSite","@id":"https:\/\/www.previs.ch\/it\/#website","url":"https:\/\/www.previs.ch\/it\/","name":"Previs Vorsorge","description":"Da noi la trasparenza crea fiducia","publisher":{"@id":"https:\/\/www.previs.ch\/it\/#organization"},"alternateName":"Previs","potentialAction":[{"@type":"SearchAction","target":{"@type":"EntryPoint","urlTemplate":"https:\/\/www.previs.ch\/it\/?s={search_term_string}"},"query-input":{"@type":"PropertyValueSpecification","valueRequired":true,"valueName":"search_term_string"}}],"inLanguage":"it-IT"},{"@type":"Organization","@id":"https:\/\/www.previs.ch\/it\/#organization","name":"Previs Vorsorge","alternateName":"Previs","url":"https:\/\/www.previs.ch\/it\/","logo":{"@type":"ImageObject","inLanguage":"it-IT","@id":"https:\/\/www.previs.ch\/it\/#\/schema\/logo\/image\/","url":"https:\/\/www.previs.ch\/wp-content\/uploads\/2024\/07\/cropped-previs-vorsorge-favicon.png","contentUrl":"https:\/\/www.previs.ch\/wp-content\/uploads\/2024\/07\/cropped-previs-vorsorge-favicon.png","width":512,"height":512,"caption":"Previs Vorsorge"},"image":{"@id":"https:\/\/www.previs.ch\/it\/#\/schema\/logo\/image\/"},"sameAs":["https:\/\/www.linkedin.com\/company\/previsvorsorge\/"]},{"@type":"Person","@id":"https:\/\/www.previs.ch\/it\/#\/schema\/person\/63fa812285f9e73f01a59d58fcac965f","name":"nadjapfaffhauser","image":{"@type":"ImageObject","inLanguage":"it-IT","@id":"https:\/\/secure.gravatar.com\/avatar\/0036c927da3f02f035273f0c67b7e1a69eb1458e9a57ab10944b83a0d8201e37?s=96&d=mm&r=g","url":"https:\/\/secure.gravatar.com\/avatar\/0036c927da3f02f035273f0c67b7e1a69eb1458e9a57ab10944b83a0d8201e37?s=96&d=mm&r=g","contentUrl":"https:\/\/secure.gravatar.com\/avatar\/0036c927da3f02f035273f0c67b7e1a69eb1458e9a57ab10944b83a0d8201e37?s=96&d=mm&r=g","caption":"nadjapfaffhauser"},"url":"https:\/\/www.previs.ch\/it\/author\/nadjapfaffhauser\/"}]}},"acf":{"simple_options":{"show_featured_image":true,"bgcolor":"","color_title":"","description":"Il 14 novembre, in occasione della giornata nazionale \u00abNuovo futuro\u00bb, Alessia, Alina, Dean e Kayla, hanno ottenuto interessanti informazioni sui diversi settori di Previs Previdenza. Ricordiamo con piacere tale giornata."},"elements":[{"acf_fc_layout":"element-text","status":false,"group":null,"text_size":"large","text":"Il 14 novembre, in occasione della giornata nazionale \u00abNuovo futuro\u00bb, Alessia, Alina, Dean e Kayla, hanno ottenuto interessanti informazioni sui diversi settori di Previs Previdenza. Ricordiamo con piacere tale giornata."},{"acf_fc_layout":"element-text","status":false,"group":null,"text_size":"normal","text":"In occasione della giornata \u00abNuovo futuro\u00bb, giovani a partire dalla 5\u00aa classe hanno avuto la possibilit\u00e0 di farsi un\u2019idea della quotidianit\u00e0 lavorativa della nostra azienda. Ogni anno Previs d\u00e0 il benvenuto a giovani interessati, perch\u00e9 come azienda di formazione di impiegati e impiegate di commercio AFC e operatori e operatrici di edifici e infrastrutture desideriamo invogliare i giovani a lavorare in un istituto di previdenza. La giornata \u00abNuovo futuro\u00bb viene pianificata e attuata dalle persone in formazione di Previs. \u00abMi fa molto piacere far conoscere ai giovani la nostra quotidianit\u00e0 lavorativa e organizzare la giornata \u00abNuovo futuro\u00bb insieme ad altri apprendisti e apprendiste\u00bb, racconta Annika B\u00e4rtschi, apprendista impiegata di commercio al 2\u00ba anno di formazione.\r\n\r\nLe persone in formazione hanno accompagnato gli scolari e le scolare per tutta la giornata, spiegando come funziona una cassa pensioni e mostrando l\u2019organizzazione di Previs come azienda. Inoltre, durante una breve presentazione sono state illustrate le formazioni di impiegato\/a di commercio e operatore\/trice di edifici e infrastrutture. I giovani hanno poi avuto l\u2019opportunit\u00e0 di osservare da vicino come lavora un collaboratore o una collaboratrice dei reparti Gestione e promozione immobiliare, Previdenza, Finanze e Clienti &amp; comunicazione e di farsi un\u2019idea delle attivit\u00e0 svolte dai diversi reparti. La visita al cantiere nel pomeriggio \u00e8 stata particolarmente emozionante. \u00abAbbiamo accompagnato Igor Di Zio presso Blankweg a Ostermundigen e l\u00ec abbiamo ottenuto molte informazioni sulla professione di capoprogetto Immobili e sui diversi lavori concernenti un immobile\u00bb, ha detto Annika."},{"acf_fc_layout":"element-quote","status":false,"quote":"Per me \u00e8 stato il primo contatto nella quotidianit\u00e0 lavorativa come impiegata di commercio. Dopo la mia visita da Previs Previdenza, ora ho un\u2019idea molto pi\u00f9 precisa di cosa fa una cassa pensioni e della professione in concreto, afferma Alina. "},{"acf_fc_layout":"element-text","status":false,"group":null,"text_size":"normal","text":"Con il quiz online \u00abKahoot\u00bb, in un ambiente gioviale, i giovani hanno potuto mettere alla prova le conoscenze acquisite su Previs e sui tirocini presentati, vincendo anche piccoli premi. Il giro pizza a mezzogiorno \u00e8 stata l\u2019occasione perfetta per uno scambio personale. Gli scolari e le scolare ci hanno raccontato la loro quotidianit\u00e0 a scuola e hanno parlato dei loro piani per il futuro."},{"acf_fc_layout":"element-image-carousel","status":false,"group":"","activate_lightbox":false,"slides":[{"image":9138,"caption":"Il giro pizza a mezzogiorno \u00e8 stata l\u2019occasione perfetta per uno scambio personale."},{"image":9141,"caption":" La visita al cantiere nel pomeriggio \u00e8 stata particolarmente emozionante."}]},{"acf_fc_layout":"element-title","status":false,"title":"Formazione da Previs ","title_type":"h4"},{"acf_fc_layout":"element-text","status":false,"group":null,"text_size":"normal","text":"Per l\u2019estate 2025 il posto di tirocinio di operatore\/trice di edifici e infrastrutture AFC \u00e8 ancora libero. Il tirocinio \u00e8 adatto a giovani con senso pratico che amano stare all\u2019aria aperta e vogliono vivere una quotidianit\u00e0 variegata in un team motivato. Per l\u2019estate 2026 mettiamo a disposizione un posto di formazione di impiegato\/a di commercio nel ramo d\u2019esame Servizio e amministrazione e uno nel ramo di Immobili."},{"acf_fc_layout":"element-buttons","status":false,"buttons":[{"text":"Formazione da Previs ","type":"internal","style":"link","link":663,"anchor":"","url":""}]},{"acf_fc_layout":"element-text","status":false,"group":null,"text_size":"normal","text":"Desideriamo conoscere personalmente le nostre future persone in formazione. Per questo gli scolari e le scolare dell\u20198\u00aa e 9\u00aa classe possono attualmente candidarsi da noi per uno stage.\r\n\r\nContatto: Sarah Feller, specialista Human Resources | formatrice professionale, <a href=\"tel:+41319630304\">031 963 03 04<\/a>, <a href=\"mailto:sarah.feller@previs.ch\">sarah.feller@previs.ch<\/a>\r\n\r\n<em>\r\nTesto e immagini: Annika B\u00e4rtschi, apprendista impiegata di commercio al 2\u00ba anno di tirocinio <\/em>"}]},"publishpress_future_action":{"enabled":false,"date":"2026-05-08 23:03:54","action":"change-status","newStatus":"draft","terms":[],"taxonomy":"category","extraData":[]},"publishpress_future_workflow_manual_trigger":{"enabledWorkflows":[]},"_links":{"self":[{"href":"https:\/\/www.previs.ch\/it\/api\/wp\/v2\/posts\/9149","targetHints":{"allow":["GET"]}}],"collection":[{"href":"https:\/\/www.previs.ch\/it\/api\/wp\/v2\/posts"}],"about":[{"href":"https:\/\/www.previs.ch\/it\/api\/wp\/v2\/types\/post"}],"author":[{"embeddable":true,"href":"https:\/\/www.previs.ch\/it\/api\/wp\/v2\/users\/3"}],"replies":[{"embeddable":true,"href":"https:\/\/www.previs.ch\/it\/api\/wp\/v2\/comments?post=9149"}],"version-history":[{"count":1,"href":"https:\/\/www.previs.ch\/it\/api\/wp\/v2\/posts\/9149\/revisions"}],"predecessor-version":[{"id":9150,"href":"https:\/\/www.previs.ch\/it\/api\/wp\/v2\/posts\/9149\/revisions\/9150"}],"wp:featuredmedia":[{"embeddable":true,"href":"https:\/\/www.previs.ch\/it\/api\/wp\/v2\/media\/9144"}],"wp:attachment":[{"href":"https:\/\/www.previs.ch\/it\/api\/wp\/v2\/media?parent=9149"}],"wp:term":[{"taxonomy":"category","embeddable":true,"href":"https:\/\/www.previs.ch\/it\/api\/wp\/v2\/categories?post=9149"},{"taxonomy":"post_tag","embeddable":true,"href":"https:\/\/www.previs.ch\/it\/api\/wp\/v2\/tags?post=9149"}],"curies":[{"name":"wp","href":"https:\/\/api.w.org\/{rel}","templated":true}]}}